{"id":7523,"date":"2020-12-05T13:44:32","date_gmt":"2020-12-05T16:44:32","guid":{"rendered":"https:\/\/tvc16.com\/portal\/?p=7523"},"modified":"2020-12-05T13:44:35","modified_gmt":"2020-12-05T16:44:35","slug":"covid-defensoria-e-mp-buscam-medidas-energicas-de-enfrentamento-ao-aumento-de-casos","status":"publish","type":"post","link":"https:\/\/tvc16.com\/portal\/2020\/12\/05\/covid-defensoria-e-mp-buscam-medidas-energicas-de-enfrentamento-ao-aumento-de-casos\/","title":{"rendered":"Covid: Defensoria e MP buscam medidas en\u00e9rgicas de enfrentamento ao aumento de casos"},"content":{"rendered":"\n<p>Diante do novo e grave quadro pand\u00eamico da Covid-19, a Defensoria P\u00fablica do Rio e o Minist\u00e9rio P\u00fablico solicitaram que Estado e Munic\u00edpio do Rio sejam intimados a comparecer em&nbsp;audi\u00eancia especial com urg\u00eancia, por serem os respons\u00e1veis pelas a\u00e7\u00f5es de &nbsp;fiscaliza\u00e7\u00e3o das medidas sanit\u00e1rias em estabelecimentos comerciais e restaurantes. Para a Defensoria e o MP, o&nbsp;aumento de casos de coronav\u00edrus&nbsp;corrobora a m\u00e1 condu\u00e7\u00e3o do processo de flexibiliza\u00e7\u00e3o social por parte dos entes federativos e exigem posturas en\u00e9rgicas de enfrentamento at\u00e9 ent\u00e3o n\u00e3o adotadas.&nbsp;<br><br>A primeira peti\u00e7\u00e3o foi juntada \u00e0 A\u00e7\u00e3o Civil P\u00fablica que questionava o movimento de flexibiliza\u00e7\u00e3o, sem estudos t\u00e9cnicos e cient\u00edficos que respaldassem os decretos municipal e estadual. Agora, com o agravamento dos casos, os \u00f3rg\u00e3os de controle buscam posicionamento dos gestores p\u00fablicos para que seja refor\u00e7ada a fiscaliza\u00e7\u00e3o das medidas sanit\u00e1rias e se diminua a taxa de cont\u00e1gio em todo o Estado.<\/p>\n\n\n\n<p>A outra peti\u00e7\u00e3o foi direcionada ao Supremo Tribunal Federal (STF), em raz\u00e3o da exist\u00eancia de um agravo interno interposto desde 7 de agosto, em Reclama\u00e7\u00e3o de autoria dos \u00f3rg\u00e3os de controle, ainda pendente de julgamento, apesar do alto risco da segunda onda de contamina\u00e7\u00f5es pela Covid-19, conforme grande preocupa\u00e7\u00e3o de infectologistas e pesquisadores1 e, especialmente, pelo impressionante aumento do n\u00famero de contamina\u00e7\u00f5es e de mortes nas \u00faltimas semanas, por Covid-19 no Estado e no Munic\u00edpio do Rio.<\/p>\n\n\n\n<p>&#8211; Desde o in\u00edcio da flexibiliza\u00e7\u00e3o social pelo Estado e pelo Munic\u00edpio do Rio, Defensoria e Minist\u00e9rio P\u00fablico, com base em notas t\u00e9cnicas expedidas por diversas institui\u00e7\u00f5es renomadas, apontaram a aus\u00eancia de crit\u00e9rios t\u00e9cnicos e cient\u00edficos que permitissem uma flexibiliza\u00e7\u00e3o segura das atividades n\u00e3o essenciais que geram intensa aglomera\u00e7\u00e3o social. A elevada taxa de transmiss\u00e3o da doen\u00e7a associada \u00e0 insufici\u00eancia de leitos, baix\u00edssima testagem e defici\u00eancia do sistema de vigil\u00e2ncia epidemiol\u00f3gica evidenciavam que n\u00e3o havia ambiente favor\u00e1vel para o devido monitoramento do avan\u00e7o da doen\u00e7a nem capacidade do sistema de sa\u00fade p\u00fablica para acolher de forma r\u00e1pida um novo aumento dos casos de Covid-19. Agora, mais uma vez, diante da impossibilidade de amplia\u00e7\u00e3o r\u00e1pida de leitos, qui\u00e7\u00e1 conseguida pela rede privada, n\u00e3o h\u00e1, novamente, a implementa\u00e7\u00e3o de medidas en\u00e9rgicas de restri\u00e7\u00e3o das atividades econ\u00f4micas que geram intensa aglomera\u00e7\u00e3o social. Da\u00ed, as novas investidas judiciais &#8211;&nbsp;disse a defensora Thaisa Guerreiro, coordenadora de Sa\u00fade e Tutela Coletiva da Defensoria P\u00fablica.<\/p>\n","protected":false},"excerpt":{"rendered":"<p>Diante do novo e grave quadro pand\u00eamico da Covid-19, a Defensoria P\u00fablica do Rio e<\/p>\n","protected":false},"author":2,"featured_media":7524,"comment_status":"open","ping_status":"open","sticky":false,"template":"","format":"standard","meta":{"footnotes":""},"categories":[17],"tags":[],"class_list":["post-7523","post","type-post","status-publish","format-standard","has-post-thumbnail","hentry","category-outras-noticias"],"_links":{"self":[{"href":"https:\/\/tvc16.com\/portal\/wp-json\/wp\/v2\/posts\/7523","targetHints":{"allow":["GET"]}}],"collection":[{"href":"https:\/\/tvc16.com\/portal\/wp-json\/wp\/v2\/posts"}],"about":[{"href":"https:\/\/tvc16.com\/portal\/wp-json\/wp\/v2\/types\/post"}],"author":[{"embeddable":true,"href":"https:\/\/tvc16.com\/portal\/wp-json\/wp\/v2\/users\/2"}],"replies":[{"embeddable":true,"href":"https:\/\/tvc16.com\/portal\/wp-json\/wp\/v2\/comments?post=7523"}],"version-history":[{"count":1,"href":"https:\/\/tvc16.com\/portal\/wp-json\/wp\/v2\/posts\/7523\/revisions"}],"predecessor-version":[{"id":7525,"href":"https:\/\/tvc16.com\/portal\/wp-json\/wp\/v2\/posts\/7523\/revisions\/7525"}],"wp:featuredmedia":[{"embeddable":true,"href":"https:\/\/tvc16.com\/portal\/wp-json\/wp\/v2\/media\/7524"}],"wp:attachment":[{"href":"https:\/\/tvc16.com\/portal\/wp-json\/wp\/v2\/media?parent=7523"}],"wp:term":[{"taxonomy":"category","embeddable":true,"href":"https:\/\/tvc16.com\/portal\/wp-json\/wp\/v2\/categories?post=7523"},{"taxonomy":"post_tag","embeddable":true,"href":"https:\/\/tvc16.com\/portal\/wp-json\/wp\/v2\/tags?post=7523"}],"curies":[{"name":"wp","href":"https:\/\/api.w.org\/{rel}","templated":true}]}}