{"id":7529,"date":"2020-12-05T13:50:06","date_gmt":"2020-12-05T16:50:06","guid":{"rendered":"https:\/\/tvc16.com\/portal\/?p=7529"},"modified":"2020-12-05T13:50:08","modified_gmt":"2020-12-05T16:50:08","slug":"edital-da-cedae-sera-publicado-no-dia-18-de-dezembro-governo-e-bndes-se-reuniram-nesta-sexta-4-e-resolveram-ultimos-detalhes","status":"publish","type":"post","link":"https:\/\/tvc16.com\/portal\/2020\/12\/05\/edital-da-cedae-sera-publicado-no-dia-18-de-dezembro-governo-e-bndes-se-reuniram-nesta-sexta-4-e-resolveram-ultimos-detalhes\/","title":{"rendered":"Edital da Cedae ser\u00e1 publicado no dia 18 de dezembro. Governo e BNDES se reuniram, nesta sexta (4\/), e resolveram \u00faltimos detalhes"},"content":{"rendered":"\n<p><br>O Governo do Estado anunciou, nesta sexta-feira (04\/12), que manter\u00e1 o cronograma para a publica\u00e7\u00e3o no edital de concess\u00e3o da Cedae para o dia 18 de dezembro. Em reuni\u00e3o entre o governador em exerc\u00edcio, Cl\u00e1udio Castro, o presidente do BNDES, Gustavo Montesano, e t\u00e9cnicos das institui\u00e7\u00f5es, ficou definido que, ap\u00f3s o leil\u00e3o, a Cedae vender\u00e1 o metro c\u00fabico de \u00e1gua para as empresas distribuidoras por R$ 1,70 nos quatro primeiros anos e R$ 1,63 ap\u00f3s a revis\u00e3o &#8211; acima dos R$ 1,46 propostos pelo banco e abaixo dos R$ 2,24 pedidos pela Cedae. A mudan\u00e7a, no entanto, n\u00e3o vai impactar no valor de outorga pedido, que continua sendo de R$ 10,6 bilh\u00f5es.<\/p>\n\n\n\n<p>&#8211; N\u00f3s observamos, nos \u00faltimos leil\u00f5es e nos movimentos do mercado, que o cen\u00e1rio \u00e9 favor\u00e1vel para investimentos em infraestrutura, inclusive com o registro de \u00e1gios bastante agressivos. Temos uma preocupa\u00e7\u00e3o de garantirmos que a Cedae que sair\u00e1 deste processo seja uma empresa saud\u00e1vel que n\u00e3o precise de aportes do estado para sobreviver. At\u00e9 porque estamos falando de um estado que passa por uma recupera\u00e7\u00e3o fiscal e que tem muitos desafios econ\u00f4micos pela frente. Sendo assim, optamos por ser mais conservadores com os valores, garantindo uma entrada financeira importante para os Estado e os munic\u00edpios que participam do processo &#8211; explica Cl\u00e1udio Castro.<\/p>\n\n\n\n<p>O governador em exerc\u00edcio ainda ressaltou que o Governo e o BNDES j\u00e1 est\u00e3o preparando apresenta\u00e7\u00f5es t\u00e9cnicas a investidores, para mostrar que, mesmo com as mudan\u00e7as, ser\u00e1 um excelente neg\u00f3cio para todos os envolvidos.<\/p>\n\n\n\n<p>&#8211; J\u00e1 temos todos os c\u00e1lculos feitos. Se fomos mais conservadores com os valores, optamos por um risco calculado junto aos players do mercado de infraestrutura. E digo isto porque j\u00e1 recebemos consultas e fomos procurados. Sabemos do interesse que a concess\u00e3o desperta e temos que ser respons\u00e1veis com um dos ativos mais importantes do Governo e, portanto, do povo do Rio de Janeiro &#8211; argumenta Castro.<\/p>\n\n\n\n<p><strong>Investimentos<\/strong><\/p>\n\n\n\n<p>Al\u00e9m de universalizar o saneamento b\u00e1sico para 13 milh\u00f5es de pessoas em 12 anos, a concess\u00e3o tem uma previs\u00e3o de gerar R$ 31 bilh\u00f5es de investimentos, com a gera\u00e7\u00e3o de 46 mil empregos diretos.<\/p>\n\n\n\n<p>O edital ainda prev\u00ea o maior investimento ambiental do pa\u00eds, com R$ 2,6 bilh\u00f5es para despolui\u00e7\u00e3o da Ba\u00eda de Guanabara e R$ 2,9 bilh\u00f5es para melhoria na bacia do Rio Guandu, o que inclui seus afluentes. Para favelas ser\u00e3o destinados R$ 1,86 bilh\u00e3o para a realiza\u00e7\u00e3o de obras e presta\u00e7\u00e3o de servi\u00e7o e a amplia\u00e7\u00e3o da tarifa social para 5% dos usu\u00e1rios &#8211; atualmente atinge apenas 0,5%.<\/p>\n\n\n\n<p><strong>Entenda a concess\u00e3o<br><\/strong><br>A \u00e1rea do Estado do Rio atendida pela Cedae ser\u00e1 dividida em quatro blocos, com prazo de concess\u00e3o de 35 anos. As concess\u00f5es foram divididas de forma a equilibrar os custos e a arrecada\u00e7\u00e3o das concession\u00e1rias, com \u00e1reas j\u00e1 desenvolvidas, que exigem poucas obras de infraestrutura, e \u00e1reas onde haver\u00e1 necessidade de mais interven\u00e7\u00f5es.<\/p>\n\n\n\n<p>Bloco 1: Zona Sul + 28 Munic\u00edpios<br>Bloco 2: Barra, Jacarepagu\u00e1 + 4 Munic\u00edpios<br>Bloco 3: Zona Oeste + 6 Munic\u00edpios<br>Bloco 4: Centro, Zona Norte + 8 Munic\u00edpios<\/p>\n\n\n\n<p>A Cedae continuar\u00e1 respons\u00e1vel pela produ\u00e7\u00e3o de \u00e1gua nos sistemas Guandu, Imunana-Laranjal e Lajes, garantindo a seguran\u00e7a h\u00eddrica e comercializando a \u00e1gua tratada para as concession\u00e1rias que far\u00e3o a distribui\u00e7\u00e3o.<\/p>\n\n\n\n<p>As concession\u00e1rias far\u00e3o a distribui\u00e7\u00e3o de \u00e1gua e a coleta e tratamento de esgotos em todo o Estado, assumindo a opera\u00e7\u00e3o das ETEs que hoje est\u00e3o sob administra\u00e7\u00e3o da Cedae.<\/p>\n","protected":false},"excerpt":{"rendered":"<p>O Governo do Estado anunciou, nesta sexta-feira (04\/12), que manter\u00e1 o cronograma para a publica\u00e7\u00e3o<\/p>\n","protected":false},"author":2,"featured_media":7530,"comment_status":"open","ping_status":"open","sticky":false,"template":"","format":"standard","meta":{"footnotes":""},"categories":[17],"tags":[],"class_list":["post-7529","post","type-post","status-publish","format-standard","has-post-thumbnail","hentry","category-outras-noticias"],"_links":{"self":[{"href":"https:\/\/tvc16.com\/portal\/wp-json\/wp\/v2\/posts\/7529","targetHints":{"allow":["GET"]}}],"collection":[{"href":"https:\/\/tvc16.com\/portal\/wp-json\/wp\/v2\/posts"}],"about":[{"href":"https:\/\/tvc16.com\/portal\/wp-json\/wp\/v2\/types\/post"}],"author":[{"embeddable":true,"href":"https:\/\/tvc16.com\/portal\/wp-json\/wp\/v2\/users\/2"}],"replies":[{"embeddable":true,"href":"https:\/\/tvc16.com\/portal\/wp-json\/wp\/v2\/comments?post=7529"}],"version-history":[{"count":1,"href":"https:\/\/tvc16.com\/portal\/wp-json\/wp\/v2\/posts\/7529\/revisions"}],"predecessor-version":[{"id":7531,"href":"https:\/\/tvc16.com\/portal\/wp-json\/wp\/v2\/posts\/7529\/revisions\/7531"}],"wp:featuredmedia":[{"embeddable":true,"href":"https:\/\/tvc16.com\/portal\/wp-json\/wp\/v2\/media\/7530"}],"wp:attachment":[{"href":"https:\/\/tvc16.com\/portal\/wp-json\/wp\/v2\/media?parent=7529"}],"wp:term":[{"taxonomy":"category","embeddable":true,"href":"https:\/\/tvc16.com\/portal\/wp-json\/wp\/v2\/categories?post=7529"},{"taxonomy":"post_tag","embeddable":true,"href":"https:\/\/tvc16.com\/portal\/wp-json\/wp\/v2\/tags?post=7529"}],"curies":[{"name":"wp","href":"https:\/\/api.w.org\/{rel}","templated":true}]}}