{"id":753,"date":"2020-09-19T16:19:02","date_gmt":"2020-09-19T16:19:02","guid":{"rendered":"https:\/\/tvc16.com\/portal\/?p=753"},"modified":"2020-09-19T16:19:02","modified_gmt":"2020-09-19T16:19:02","slug":"fundacao-saude-do-estado-assume-gestao-do-samu-na-madrugada-deste-sabado","status":"publish","type":"post","link":"https:\/\/tvc16.com\/portal\/2020\/09\/19\/fundacao-saude-do-estado-assume-gestao-do-samu-na-madrugada-deste-sabado\/","title":{"rendered":"Funda\u00e7\u00e3o Sa\u00fade do Estado assume gest\u00e3o do SAMU na madrugada deste s\u00e1bado"},"content":{"rendered":"\n<p><\/p>\n\n\n\n<p><em>Servi\u00e7o vai operar com 60 ambul\u00e2ncias e 30 motol\u00e2ncias, e continuar\u00e1 recebendo chamadas pelo 192<\/em><\/p>\n\n\n\n<p>A Funda\u00e7\u00e3o Sa\u00fade (FS) assume a gest\u00e3o do SAMU no munic\u00edpio do Rio de Janeiro no primeiro minuto deste s\u00e1bado (19\/09). A Secretaria de Estado de Sa\u00fade (SES) e a Funda\u00e7\u00e3o Sa\u00fade assinaram contrato de gest\u00e3o no valor mensal de R$ 14.284.000,00. O SAMU \u00e9 o primeiro servi\u00e7o de sa\u00fade a ser transferido para a Funda\u00e7\u00e3o dentro da nova modelagem de gest\u00e3o que prev\u00ea a substitui\u00e7\u00e3o gradual das organiza\u00e7\u00f5es sociais pela FS. O servi\u00e7o vai operar com uma estrutura de 60 ambul\u00e2ncias &#8211; sendo 15 ambul\u00e2ncias de suporte avan\u00e7ado (tipo UTI) e 45 ambul\u00e2ncias de suporte b\u00e1sico -, al\u00e9m de 30 motol\u00e2ncias (em motocicletas).<\/p>\n\n\n\n<p>Os servi\u00e7os oferecidos pelo Componente Pr\u00e9-Hospitalar M\u00f3vel de Urg\u00eancia e Emerg\u00eancia do SUS, que at\u00e9 hoje eram administrados pela empresa OZZ, caracterizam-se pelo atendimento aos usu\u00e1rios em situa\u00e7\u00f5es de urg\u00eancia e emerg\u00eancia em sa\u00fade, nas emerg\u00eancias cl\u00ednicas, cir\u00fargicas, traum\u00e1ticas, gineco-obst\u00e9tricas, psiqui\u00e1tricas e pedi\u00e1tricas, por meio das liga\u00e7\u00f5es recebidas pelo n\u00famero \u00fanico nacional para urg\u00eancias m\u00e9dicas \u2013 192. Os atendimentos s\u00e3o realizados em vias p\u00fablicas, locais de trabalho e resid\u00eancias, e contam com equipes que re\u00fanem m\u00e9dicos, enfermeiros, t\u00e9cnicos de enfermagem e condutores socorristas.<\/p>\n\n\n\n<p>O SAMU funciona com uma central de regula\u00e7\u00e3o, que \u00e9 o n\u00facleo respons\u00e1vel pelo recebimento das chamadas e o despacho do atendimento, de acordo com a ocorr\u00eancia. A central de regula\u00e7\u00e3o funciona no pr\u00e9dio do Centro Integrado de Comando e Controle da Pol\u00edcia Militar do Estado do Rio de Janeiro (CICC\/PMERJ), e possui um sistema de tecnologia de informa\u00e7\u00e3o respons\u00e1vel pela integra\u00e7\u00e3o e monitoramento da opera\u00e7\u00e3o, desde a chamada telef\u00f4nica e o envio dos recursos assistenciais at\u00e9 o monitoramento das viaturas por meio de georreferenciamento. Esse sistema garante a otimiza\u00e7\u00e3o dos recursos e o acompanhamento em tempo real das respostas assistenciais.<\/p>\n\n\n\n<p>O funcionamento do SAMU envolve pelo menos 1.100 profissionais, entre m\u00e9dicos, enfermeiros, t\u00e9cnicos de enfermagem, condutores e pessoal de apoio operacional. Al\u00e9m disso, h\u00e1 m\u00faltiplos servi\u00e7os de suporte. A Funda\u00e7\u00e3o Sa\u00fade realizou processo seletivo para contratar enfermeiros e t\u00e9cnicos de enfermagem, garantindo ampla participa\u00e7\u00e3o com mais de 9.300 inscritos, dos quais 252 j\u00e1 foram contratados para in\u00edcio imediato. A contrata\u00e7\u00e3o de m\u00e9dicos j\u00e1 foi efetivada mediante sele\u00e7\u00e3o de empresa terceirizada.<\/p>\n\n\n\n<p>O in\u00edcio do servi\u00e7o neste s\u00e1bado se dar\u00e1 com 30 ambul\u00e2ncias, e os novos ve\u00edculos ser\u00e3o incorporados at\u00e9 15 de outubro, quando o SAMU estar\u00e1 funcionando com a frota completa. O processo de contrata\u00e7\u00e3o dos condutores dos ve\u00edculos est\u00e1 em andamento. Os motoristas ser\u00e3o terceirizados e selecionados por crit\u00e9rio t\u00e9cnico.<\/p>\n","protected":false},"excerpt":{"rendered":"<p>Servi\u00e7o vai operar com 60 ambul\u00e2ncias e 30 motol\u00e2ncias, e continuar\u00e1 recebendo chamadas pelo 192<\/p>\n","protected":false},"author":2,"featured_media":754,"comment_status":"open","ping_status":"open","sticky":false,"template":"","format":"standard","meta":{"footnotes":""},"categories":[13],"tags":[],"class_list":["post-753","post","type-post","status-publish","format-standard","has-post-thumbnail","hentry","category-saude"],"_links":{"self":[{"href":"https:\/\/tvc16.com\/portal\/wp-json\/wp\/v2\/posts\/753","targetHints":{"allow":["GET"]}}],"collection":[{"href":"https:\/\/tvc16.com\/portal\/wp-json\/wp\/v2\/posts"}],"about":[{"href":"https:\/\/tvc16.com\/portal\/wp-json\/wp\/v2\/types\/post"}],"author":[{"embeddable":true,"href":"https:\/\/tvc16.com\/portal\/wp-json\/wp\/v2\/users\/2"}],"replies":[{"embeddable":true,"href":"https:\/\/tvc16.com\/portal\/wp-json\/wp\/v2\/comments?post=753"}],"version-history":[{"count":1,"href":"https:\/\/tvc16.com\/portal\/wp-json\/wp\/v2\/posts\/753\/revisions"}],"predecessor-version":[{"id":755,"href":"https:\/\/tvc16.com\/portal\/wp-json\/wp\/v2\/posts\/753\/revisions\/755"}],"wp:featuredmedia":[{"embeddable":true,"href":"https:\/\/tvc16.com\/portal\/wp-json\/wp\/v2\/media\/754"}],"wp:attachment":[{"href":"https:\/\/tvc16.com\/portal\/wp-json\/wp\/v2\/media?parent=753"}],"wp:term":[{"taxonomy":"category","embeddable":true,"href":"https:\/\/tvc16.com\/portal\/wp-json\/wp\/v2\/categories?post=753"},{"taxonomy":"post_tag","embeddable":true,"href":"https:\/\/tvc16.com\/portal\/wp-json\/wp\/v2\/tags?post=753"}],"curies":[{"name":"wp","href":"https:\/\/api.w.org\/{rel}","templated":true}]}}