{"id":7532,"date":"2020-12-05T13:58:13","date_gmt":"2020-12-05T16:58:13","guid":{"rendered":"https:\/\/tvc16.com\/portal\/?p=7532"},"modified":"2020-12-05T13:58:15","modified_gmt":"2020-12-05T16:58:15","slug":"governo-do-estado-e-prefeitura-do-rio-anunciam-novas-medidas-para-enfrentar-a-pandemia","status":"publish","type":"post","link":"https:\/\/tvc16.com\/portal\/2020\/12\/05\/governo-do-estado-e-prefeitura-do-rio-anunciam-novas-medidas-para-enfrentar-a-pandemia\/","title":{"rendered":"Governo do Estado e Prefeitura do Rio anunciam novas medidas para enfrentar a pandemia"},"content":{"rendered":"\n<p><em>Pacote inclui abertura de leitos, refor\u00e7o na fiscaliza\u00e7\u00e3o a eventos e suspens\u00e3o de cirurgias de baixo risco. Tamb\u00e9m foram reservados R$ 600 milh\u00f5es para compra de vacinas contra a Covid-19\u00a0<\/em><\/p>\n\n\n\n<p><br>O governador em exerc\u00edcio Cl\u00e1udio Castro e o prefeito do Rio, Marcelo Crivella, anunciaram, nesta sexta-feira (04), novas medidas para o enfrentamento da pandemia do novo coronav\u00edrus. Entre elas, est\u00e3o a abertura de 386 leitos exclusivos para tratamento de pacientes da doen\u00e7a no estado, o refor\u00e7o \u00e0s a\u00e7\u00f5es de fiscaliza\u00e7\u00e3o para conter aglomera\u00e7\u00f5es em eventos, a suspens\u00e3o de cirurgias eletivas de baixo risco e a oferta de tom\u00f3grafos para diagn\u00f3stico da Covid-19. Durante entrevista coletiva, no Pal\u00e1cio Guanabara, o governador informou ainda que o estado fechar\u00e1 o ano com saldo positivo de R$ 600 milh\u00f5es e que esse montante estar\u00e1 reservado para compra emergencial de vacinas contra a Covid-19.\u00a0\u00a0<br>Do total de novas vagas para pacientes da doen\u00e7a, 91 j\u00e1 est\u00e3o dispon\u00edveis na rede de sa\u00fade estadual. At\u00e9 o dia 18 de dezembro, ser\u00e3o mais 130 leitos. Os demais ser\u00e3o de hospitais das redes federal e municipal.\u00a0\u00a0Estado e prefeitura tamb\u00e9m anunciaram que, a partir desta sexta-feira, shoppings e centros comerciais est\u00e3o autorizados a funcionar 24 horas. A medida busca reduzir a chance de aglomera\u00e7\u00f5es nos estabelecimentos e no transporte p\u00fablico, sobretudo no per\u00edodo de festas de fim de ano.<br>Claudio Castro fez um apelo aos empres\u00e1rios,\u00a0comerciantes e tamb\u00e9m \u00e0 popula\u00e7\u00e3o para que reforcem os protocolos de seguran\u00e7a e sa\u00fade.<\/p>\n\n\n\n<figure class=\"wp-block-image size-large\"><img loading=\"lazy\" decoding=\"async\" width=\"1024\" height=\"640\" src=\"https:\/\/tvc16.com\/portal\/wp-content\/uploads\/2020\/12\/1_041220014-20658504-1024x640.jpg\" alt=\"\" class=\"wp-image-7533\" srcset=\"https:\/\/tvc16.com\/portal\/wp-content\/uploads\/2020\/12\/1_041220014-20658504-1024x640.jpg 1024w, https:\/\/tvc16.com\/portal\/wp-content\/uploads\/2020\/12\/1_041220014-20658504-300x188.jpg 300w, https:\/\/tvc16.com\/portal\/wp-content\/uploads\/2020\/12\/1_041220014-20658504-768x480.jpg 768w, https:\/\/tvc16.com\/portal\/wp-content\/uploads\/2020\/12\/1_041220014-20658504.jpg 1200w\" sizes=\"auto, (max-width: 1024px) 100vw, 1024px\" \/><figcaption>Prefeito do Rio de Janeiro Marcelo Crivela e o governador em exerc\u00edcio Cl\u00e1udio Castro<\/figcaption><\/figure>\n\n\n\n<p><br>&#8211; A pandemia n\u00e3o foi embora, n\u00f3s vivemos um ano extremamente dif\u00edcil. Precisamos que o setor produtivo (shoppings, mercados, bares, restaurantes e meios de transporte) se conscientize que, para n\u00e3o haver retrocesso, temos que assumir as nossas responsabilidades. Isso significa fazer distanciamento, fazer o uso de m\u00e1scara, de \u00e1lcool gel, a sanitiza\u00e7\u00e3o tamb\u00e9m \u00e9 fundamental. Pe\u00e7o tamb\u00e9m \u00e0 popula\u00e7\u00e3o em geral que, por favor, evite aglomera\u00e7\u00f5es e use a m\u00e1scara. Essa \u00e9 uma responsabilidade de todos n\u00f3s\u00a0 \u2013 afirmou.<br>Ideal para o diagn\u00f3stico da Covid-19, o Governo do Estado disponibiliza nove tom\u00f3grafos que passam a realizar exames de maneira ininterrupta. A medida passa a valer para unidades de sa\u00fade de sete cidades de diferentes regi\u00f5es, incluindo tr\u00eas na capital.\u00a0<br>Al\u00e9m dos equipamento do Estado, o prefeito Marcelo Crivella informou ainda que tom\u00f3grafos do munic\u00edpio\u00a0estar\u00e3o dispon\u00edveis 24 horas por dias nas unidades de sa\u00fade da Prefeitura do Rio.\u00a0Tamb\u00e9m ficou decidida a abertura de\u00a050 leitos de UTI e 170 leitos de enfermaria nos pr\u00f3ximos 15 dias. O prefeito aproveitou para reiterar o apelo feito pelo governador em exerc\u00edcio de que \u00e9 preciso redobrar os cuidados durante a pandemia.<br>&#8211; Me junto ao governador Cl\u00e1udio Castro no apelo de que \u00e9 fundamental que continuemos seguindo os protocolos para evitar a dissemina\u00e7\u00e3o do v\u00edrus. Se as pessoas n\u00e3o usam m\u00e1scara, n\u00e3o ajudam em nada o poder p\u00fablico \u2013 disse.\u00a0\u00a0<\/p>\n\n\n\n<p><br>Ao anunciar que o estado fechar\u00e1 2020 com R$ 600 milh\u00f5es em caixa, o governador em exerc\u00edcio destacou que o objetivo \u00e9 que esse recurso seja utilizado para a compra de vacinas, assim que houver libera\u00e7\u00e3o da Ag\u00eancia Nacional de Vigil\u00e2ncia Sanit\u00e1ria (Anvisa).<\/p>\n\n\n\n<p><br>&#8211; Quero estabelecer um compromisso com a popula\u00e7\u00e3o. Garanto que se houver qualquer atraso por parte de outros entes o Rio de Janeiro come\u00e7ar\u00e1 a sua vacina\u00e7\u00e3o para idosos, grupos de risco e profissionais de sa\u00fade. Estamos nos organizando, confiamos nas autoridades federais, mas o Rio de Janeiro n\u00e3o ficar\u00e1 atr\u00e1s, se houver qualquer atraso n\u00f3s compraremos as nossas vacinas desde que estejam aprovadas pela Anvisa \u2013 ressaltou.\u00a0 \u00a0\u00a0<br><\/p>\n\n\n\n<p><strong>Tom\u00f3grafos<\/strong><\/p>\n\n\n\n<p>Os nove tom\u00f3grafos estaduais que passam a funcionar 24 hora por dia ficam nas seguintes unidades de sa\u00fade: Hospital Estadual Roberto Chabo (Araruama), Hospital Estadual dos Lagos (Saquarema), Hospital Estadual Zilda Arns (Volta Redonda), Hospital Estadual Alberto Torres (S\u00e3o Gon\u00e7alo), Hospital Estadual Azevedo Lima (Niter\u00f3i), Hospital Estadual Ad\u00e3o Pereira Nunes (Duque de Caxias), e Hospital Estadual Carlos Chagas, Hospital Estadual Get\u00falio Vargas e um tom\u00f3grafo m\u00f3vel (Rio de Janeiro).<br><strong>Testagem<\/strong>Al\u00e9m da abertura de leitos, fiscaliza\u00e7\u00e3o mais dura, transpar\u00eancia na divulga\u00e7\u00e3o de dados relacionados \u00e0 regula\u00e7\u00e3o de leitos e a\u00e7\u00f5es de conscientiza\u00e7\u00e3o, o Governo do Rio de Janeiro j\u00e1 ampliou a testagem por RT-PCR.\u00a0Os exames podem ser agendados em tr\u00eas centros: no Hospital Estadual Alberto Torres e na Unidade de Pronto Atendimento (UPA) Coluband\u00ea, em S\u00e3o Gon\u00e7alo; e no Hospital Regional do M\u00e9dio Para\u00edba Dra. Zilda Arns, em Volta Redonda. Essas unidades, onde h\u00e1 capacidade para 1.500 testes por dia, foram escolhidas por ficarem em regi\u00f5es com \u00edndices elevados de cont\u00e1gio. Os exames podem ser agendados pelo aplicativo Dados do Bem. Desde agosto, a Secretaria de Estado de Sa\u00fade quase quadriplicou o n\u00famero de testes realizados. Somente em novembro, foram mais de 90 mil exames, contra 26 mil em agosto.<\/p>\n","protected":false},"excerpt":{"rendered":"<p>Pacote inclui abertura de leitos, refor\u00e7o na fiscaliza\u00e7\u00e3o a eventos e suspens\u00e3o de cirurgias de<\/p>\n","protected":false},"author":2,"featured_media":7534,"comment_status":"open","ping_status":"open","sticky":false,"template":"","format":"standard","meta":{"footnotes":""},"categories":[13],"tags":[],"class_list":["post-7532","post","type-post","status-publish","format-standard","has-post-thumbnail","hentry","category-saude"],"_links":{"self":[{"href":"https:\/\/tvc16.com\/portal\/wp-json\/wp\/v2\/posts\/7532","targetHints":{"allow":["GET"]}}],"collection":[{"href":"https:\/\/tvc16.com\/portal\/wp-json\/wp\/v2\/posts"}],"about":[{"href":"https:\/\/tvc16.com\/portal\/wp-json\/wp\/v2\/types\/post"}],"author":[{"embeddable":true,"href":"https:\/\/tvc16.com\/portal\/wp-json\/wp\/v2\/users\/2"}],"replies":[{"embeddable":true,"href":"https:\/\/tvc16.com\/portal\/wp-json\/wp\/v2\/comments?post=7532"}],"version-history":[{"count":1,"href":"https:\/\/tvc16.com\/portal\/wp-json\/wp\/v2\/posts\/7532\/revisions"}],"predecessor-version":[{"id":7535,"href":"https:\/\/tvc16.com\/portal\/wp-json\/wp\/v2\/posts\/7532\/revisions\/7535"}],"wp:featuredmedia":[{"embeddable":true,"href":"https:\/\/tvc16.com\/portal\/wp-json\/wp\/v2\/media\/7534"}],"wp:attachment":[{"href":"https:\/\/tvc16.com\/portal\/wp-json\/wp\/v2\/media?parent=7532"}],"wp:term":[{"taxonomy":"category","embeddable":true,"href":"https:\/\/tvc16.com\/portal\/wp-json\/wp\/v2\/categories?post=7532"},{"taxonomy":"post_tag","embeddable":true,"href":"https:\/\/tvc16.com\/portal\/wp-json\/wp\/v2\/tags?post=7532"}],"curies":[{"name":"wp","href":"https:\/\/api.w.org\/{rel}","templated":true}]}}