{"id":7547,"date":"2020-12-05T14:27:21","date_gmt":"2020-12-05T17:27:21","guid":{"rendered":"https:\/\/tvc16.com\/portal\/?p=7547"},"modified":"2020-12-05T14:27:23","modified_gmt":"2020-12-05T17:27:23","slug":"renovacao-das-matriculas-para-2021-tem-adesao-recorde-nos-ultimos-cinco-anos","status":"publish","type":"post","link":"https:\/\/tvc16.com\/portal\/2020\/12\/05\/renovacao-das-matriculas-para-2021-tem-adesao-recorde-nos-ultimos-cinco-anos\/","title":{"rendered":"Renova\u00e7\u00e3o das matr\u00edculas para 2021 tem ades\u00e3o recorde nos \u00faltimos cinco anos"},"content":{"rendered":"\n<p><em>Por conta da pandemia, os estudantes puderam garantir a renova\u00e7\u00e3o de suas vagas de forma on-line<\/em><\/p>\n\n\n\n<p>Na meia noite desta quinta-feira (03), a rede estadual de ensino encerrou o per\u00edodo de renova\u00e7\u00e3o de matr\u00edculas dos alunos da rede com destaque para os n\u00fameros de 2020: foram 503.422 alunos inscritos, pelo site\u00a0<a rel=\"noreferrer noopener\" target=\"_blank\" href=\"http:\/\/www.matriculafacil.rj.gov.br\/\">www.matriculafacil.rj.gov.br<\/a>, um registro de 69.147 a mais que em 2019 e um recorde nos \u00faltimos cinco anos.\u00a0A op\u00e7\u00e3o on-line para renova\u00e7\u00e3o foi criada este ano para garantir seguran\u00e7a por conta da pandemia, al\u00e9m do conforto e rapidez no processo.<br>Parte do sucesso da ades\u00e3o de alunos ao sistema se deu pela campanha informativa e motivacional dirigida aos estudantes, que est\u00e1 sendo veiculada em diversas m\u00eddias desde a \u00faltima semana. Com o mote Bora Estudar, Bora Matricular, as pe\u00e7as possuem linguagem jovem, informando prazos e ressaltando a import\u00e2ncia da n\u00e3o interrup\u00e7\u00e3o dos estudos para um futuro promissor. Al\u00e9m disso, o trabalho de busca ativa realizada por gestores escolares, professores, representantes de gr\u00eamios e pela comunidade escolar tamb\u00e9m foi decisivo para chamar os alunos para o pr\u00f3ximo ano letivo.<\/p>\n\n\n\n<figure class=\"wp-block-image size-large\"><img loading=\"lazy\" decoding=\"async\" width=\"1024\" height=\"711\" src=\"https:\/\/tvc16.com\/portal\/wp-content\/uploads\/2020\/12\/25-09-2020-Comte-havia-recusado-inicialmente-o-convite-mas-reconsiderou-Foto-Arquivo-1024x711.jpg\" alt=\"\" class=\"wp-image-7549\" srcset=\"https:\/\/tvc16.com\/portal\/wp-content\/uploads\/2020\/12\/25-09-2020-Comte-havia-recusado-inicialmente-o-convite-mas-reconsiderou-Foto-Arquivo-1024x711.jpg 1024w, https:\/\/tvc16.com\/portal\/wp-content\/uploads\/2020\/12\/25-09-2020-Comte-havia-recusado-inicialmente-o-convite-mas-reconsiderou-Foto-Arquivo-300x208.jpg 300w, https:\/\/tvc16.com\/portal\/wp-content\/uploads\/2020\/12\/25-09-2020-Comte-havia-recusado-inicialmente-o-convite-mas-reconsiderou-Foto-Arquivo-768x533.jpg 768w, https:\/\/tvc16.com\/portal\/wp-content\/uploads\/2020\/12\/25-09-2020-Comte-havia-recusado-inicialmente-o-convite-mas-reconsiderou-Foto-Arquivo-1536x1066.jpg 1536w, https:\/\/tvc16.com\/portal\/wp-content\/uploads\/2020\/12\/25-09-2020-Comte-havia-recusado-inicialmente-o-convite-mas-reconsiderou-Foto-Arquivo.jpg 1888w\" sizes=\"auto, (max-width: 1024px) 100vw, 1024px\" \/><figcaption>Secret\u00e1rio de Educa\u00e7\u00e3o Comte Bittencourt<\/figcaption><\/figure>\n\n\n\n<p><br>\u2013 Em um 2020 at\u00edpico e cheio de desafios, ficamos otimistas com o n\u00famero de alunos que renovaram seu v\u00ednculo com a escola. O interesse demonstrado sinaliza que estamos no caminho certo para que nossos jovens prossigam com seus estudos. Fica o meu reconhecimento pelo trabalho de todos os educadores que n\u00e3o t\u00eam poupado esfor\u00e7os nessa busca ativa, que ser\u00e1 cont\u00ednua. Com transpar\u00eancia e a\u00e7\u00f5es planejadas, n\u00e3o deixaremos nenhum aluno fora da escola &#8211; afirma o secret\u00e1rio de Educa\u00e7\u00e3o, Comte Bittencourt.<br>Para os estudantes que desejam mudar de escola ou ingressar na rede do estado, o per\u00edodo de pr\u00e9-matr\u00edcula est\u00e1 aberto at\u00e9 o dia 22 de dezembro, pelo site\u00a0<a rel=\"noreferrer noopener\" target=\"_blank\" href=\"http:\/\/www.matriculafacil.rj.gov.br\/\">www.matriculafacil.rj.gov.br<\/a>.\u00a0\u00a0<\/p>\n","protected":false},"excerpt":{"rendered":"<p>Por conta da pandemia, os estudantes puderam garantir a renova\u00e7\u00e3o de suas vagas de forma<\/p>\n","protected":false},"author":2,"featured_media":7548,"comment_status":"open","ping_status":"open","sticky":false,"template":"","format":"standard","meta":{"footnotes":""},"categories":[19],"tags":[],"class_list":["post-7547","post","type-post","status-publish","format-standard","has-post-thumbnail","hentry","category-educacao"],"_links":{"self":[{"href":"https:\/\/tvc16.com\/portal\/wp-json\/wp\/v2\/posts\/7547","targetHints":{"allow":["GET"]}}],"collection":[{"href":"https:\/\/tvc16.com\/portal\/wp-json\/wp\/v2\/posts"}],"about":[{"href":"https:\/\/tvc16.com\/portal\/wp-json\/wp\/v2\/types\/post"}],"author":[{"embeddable":true,"href":"https:\/\/tvc16.com\/portal\/wp-json\/wp\/v2\/users\/2"}],"replies":[{"embeddable":true,"href":"https:\/\/tvc16.com\/portal\/wp-json\/wp\/v2\/comments?post=7547"}],"version-history":[{"count":1,"href":"https:\/\/tvc16.com\/portal\/wp-json\/wp\/v2\/posts\/7547\/revisions"}],"predecessor-version":[{"id":7550,"href":"https:\/\/tvc16.com\/portal\/wp-json\/wp\/v2\/posts\/7547\/revisions\/7550"}],"wp:featuredmedia":[{"embeddable":true,"href":"https:\/\/tvc16.com\/portal\/wp-json\/wp\/v2\/media\/7548"}],"wp:attachment":[{"href":"https:\/\/tvc16.com\/portal\/wp-json\/wp\/v2\/media?parent=7547"}],"wp:term":[{"taxonomy":"category","embeddable":true,"href":"https:\/\/tvc16.com\/portal\/wp-json\/wp\/v2\/categories?post=7547"},{"taxonomy":"post_tag","embeddable":true,"href":"https:\/\/tvc16.com\/portal\/wp-json\/wp\/v2\/tags?post=7547"}],"curies":[{"name":"wp","href":"https:\/\/api.w.org\/{rel}","templated":true}]}}