{"id":7555,"date":"2020-12-06T00:03:05","date_gmt":"2020-12-06T03:03:05","guid":{"rendered":"https:\/\/tvc16.com\/portal\/?p=7555"},"modified":"2020-12-06T00:03:08","modified_gmt":"2020-12-06T03:03:08","slug":"projeto-arte-em-casa-tem-nova-exposicao-grupo-faz-da-pandemia-uma-oportunidade-para-inspiracoes","status":"publish","type":"post","link":"https:\/\/tvc16.com\/portal\/2020\/12\/06\/projeto-arte-em-casa-tem-nova-exposicao-grupo-faz-da-pandemia-uma-oportunidade-para-inspiracoes\/","title":{"rendered":"Projeto Arte em casa tem nova exposi\u00e7\u00e3o. Grupo faz da pandemia uma oportunidade para inspira\u00e7\u00f5es"},"content":{"rendered":"\n<p>Mostrando que a capacidade criadora pode estar presente em qualquer momento, durante a pandemia, um grupo de amigas e um jovem se uniram para formar o \u201cArte em Casa\u201d. O nome do projeto surgiu exatamente por estarem trabalhando dentro de seus lares. A criatividade, inspira\u00e7\u00e3o, alegria e uni\u00e3o comp\u00f5em as reuni\u00f5es que, ap\u00f3s o afrouxamento do isolamento social, resultaram em exposi\u00e7\u00f5es que j\u00e1 ocorreram no Hotel Boutique Casa Rosa e no Restaurante Afr\u00e2nio, em Araras, tudo dentro das recomenda\u00e7\u00f5es da OMS devido a pandemia.<\/p>\n\n\n\n<figure class=\"wp-block-image size-large is-style-rounded\"><img loading=\"lazy\" decoding=\"async\" width=\"1024\" height=\"768\" src=\"https:\/\/tvc16.com\/portal\/wp-content\/uploads\/2020\/12\/IMG-20201205-WA0029-1024x768.jpg\" alt=\"\" class=\"wp-image-7556\" srcset=\"https:\/\/tvc16.com\/portal\/wp-content\/uploads\/2020\/12\/IMG-20201205-WA0029-1024x768.jpg 1024w, https:\/\/tvc16.com\/portal\/wp-content\/uploads\/2020\/12\/IMG-20201205-WA0029-300x225.jpg 300w, https:\/\/tvc16.com\/portal\/wp-content\/uploads\/2020\/12\/IMG-20201205-WA0029-768x576.jpg 768w, https:\/\/tvc16.com\/portal\/wp-content\/uploads\/2020\/12\/IMG-20201205-WA0029-200x150.jpg 200w, https:\/\/tvc16.com\/portal\/wp-content\/uploads\/2020\/12\/IMG-20201205-WA0029.jpg 1032w\" sizes=\"auto, (max-width: 1024px) 100vw, 1024px\" \/><\/figure>\n\n\n\n<p><br>A designer de moda Anamaria Montezano comanda o grupo formado por: Adriano Nobre \u2013 artista pl\u00e1stico com trabalhos em \u00f3leo sobre tela e pintura criativa em madeira, como: caixa diversas, porta guardanapos, \u00e1rvores de natal; Helena Pinheiro \u2013 pintura em seda com cria\u00e7\u00f5es em len\u00e7os, saias, cangas e quadros; Marta Monteiro \u2013 mosaicos em picassiette e estilo Gaudi; Sheila Gaubrich \u2013 patchwork e patch aplique com cria\u00e7\u00f5es em costura criativa como cesta de nozes, porta panetones, porta talheres e a pr\u00f3pria Anamaria Montezano \u2013 cria\u00e7\u00f5es em seda e algod\u00e3o como len\u00e7os, camisas, vestidos, cal\u00e7as, m\u00e1scaras, fora suas pe\u00e7as em jeans algod\u00e3o no estilo alfaiataria.<\/p>\n\n\n\n<figure class=\"wp-block-image size-large is-style-rounded\"><img loading=\"lazy\" decoding=\"async\" width=\"1024\" height=\"768\" src=\"https:\/\/tvc16.com\/portal\/wp-content\/uploads\/2020\/12\/IMG-20201205-WA0037-1024x768.jpg\" alt=\"\" class=\"wp-image-7557\" srcset=\"https:\/\/tvc16.com\/portal\/wp-content\/uploads\/2020\/12\/IMG-20201205-WA0037-1024x768.jpg 1024w, https:\/\/tvc16.com\/portal\/wp-content\/uploads\/2020\/12\/IMG-20201205-WA0037-300x225.jpg 300w, https:\/\/tvc16.com\/portal\/wp-content\/uploads\/2020\/12\/IMG-20201205-WA0037-768x576.jpg 768w, https:\/\/tvc16.com\/portal\/wp-content\/uploads\/2020\/12\/IMG-20201205-WA0037-200x150.jpg 200w, https:\/\/tvc16.com\/portal\/wp-content\/uploads\/2020\/12\/IMG-20201205-WA0037.jpg 1032w\" sizes=\"auto, (max-width: 1024px) 100vw, 1024px\" \/><\/figure>\n\n\n\n<p><br>Uma exposi\u00e7\u00e3o, que vai at\u00e9\u00a0 o dia 23 de dezembro, est\u00e1 ocorrendo\u00a0 na Travessa Cristal, loja 06, de segunda a s\u00e1bado, das 10h \u00e0s 19h (sujeito a altera\u00e7\u00f5es conforme funcionamento do com\u00e9rcio na \u00e9poca de natal). O homenageado desta edi\u00e7\u00e3o ser\u00e1 o Curso ABBA, que apresentar\u00e1 n\u00fameros musicais. Como convidado especial, o urologista Dr. Dermeval Henriques, que vai expor bonsais e a t\u00e9cnica que desenvolveu de conserva\u00e7\u00e3o de flores em l\u00edquido. O projeto conquistou o apoio da Adesp \u2013 Associa\u00e7\u00e3o para o Desenvolvimento Sustent\u00e1vel Participativo, atrav\u00e9s do professor Luiz Carlos Monteiro.<\/p>\n\n\n\n<figure class=\"wp-block-image size-large is-style-rounded\"><img loading=\"lazy\" decoding=\"async\" width=\"1024\" height=\"768\" src=\"https:\/\/tvc16.com\/portal\/wp-content\/uploads\/2020\/12\/IMG-20201205-WA0043-1024x768.jpg\" alt=\"\" class=\"wp-image-7558\" srcset=\"https:\/\/tvc16.com\/portal\/wp-content\/uploads\/2020\/12\/IMG-20201205-WA0043-1024x768.jpg 1024w, https:\/\/tvc16.com\/portal\/wp-content\/uploads\/2020\/12\/IMG-20201205-WA0043-300x225.jpg 300w, https:\/\/tvc16.com\/portal\/wp-content\/uploads\/2020\/12\/IMG-20201205-WA0043-768x576.jpg 768w, https:\/\/tvc16.com\/portal\/wp-content\/uploads\/2020\/12\/IMG-20201205-WA0043-200x150.jpg 200w, https:\/\/tvc16.com\/portal\/wp-content\/uploads\/2020\/12\/IMG-20201205-WA0043.jpg 1032w\" sizes=\"auto, (max-width: 1024px) 100vw, 1024px\" \/><\/figure>\n","protected":false},"excerpt":{"rendered":"<p>Mostrando que a capacidade criadora pode estar presente em qualquer momento, durante a pandemia, um<\/p>\n","protected":false},"author":2,"featured_media":7559,"comment_status":"open","ping_status":"open","sticky":false,"template":"","format":"standard","meta":{"footnotes":""},"categories":[12],"tags":[],"class_list":["post-7555","post","type-post","status-publish","format-standard","has-post-thumbnail","hentry","category-cidade"],"_links":{"self":[{"href":"https:\/\/tvc16.com\/portal\/wp-json\/wp\/v2\/posts\/7555","targetHints":{"allow":["GET"]}}],"collection":[{"href":"https:\/\/tvc16.com\/portal\/wp-json\/wp\/v2\/posts"}],"about":[{"href":"https:\/\/tvc16.com\/portal\/wp-json\/wp\/v2\/types\/post"}],"author":[{"embeddable":true,"href":"https:\/\/tvc16.com\/portal\/wp-json\/wp\/v2\/users\/2"}],"replies":[{"embeddable":true,"href":"https:\/\/tvc16.com\/portal\/wp-json\/wp\/v2\/comments?post=7555"}],"version-history":[{"count":1,"href":"https:\/\/tvc16.com\/portal\/wp-json\/wp\/v2\/posts\/7555\/revisions"}],"predecessor-version":[{"id":7560,"href":"https:\/\/tvc16.com\/portal\/wp-json\/wp\/v2\/posts\/7555\/revisions\/7560"}],"wp:featuredmedia":[{"embeddable":true,"href":"https:\/\/tvc16.com\/portal\/wp-json\/wp\/v2\/media\/7559"}],"wp:attachment":[{"href":"https:\/\/tvc16.com\/portal\/wp-json\/wp\/v2\/media?parent=7555"}],"wp:term":[{"taxonomy":"category","embeddable":true,"href":"https:\/\/tvc16.com\/portal\/wp-json\/wp\/v2\/categories?post=7555"},{"taxonomy":"post_tag","embeddable":true,"href":"https:\/\/tvc16.com\/portal\/wp-json\/wp\/v2\/tags?post=7555"}],"curies":[{"name":"wp","href":"https:\/\/api.w.org\/{rel}","templated":true}]}}