{"id":7561,"date":"2020-12-06T00:11:35","date_gmt":"2020-12-06T03:11:35","guid":{"rendered":"https:\/\/tvc16.com\/portal\/?p=7561"},"modified":"2020-12-06T00:11:38","modified_gmt":"2020-12-06T03:11:38","slug":"educacao-lanca-o-e-book-acolhimento-inspiracoes-para-uma-escola-humanizada","status":"publish","type":"post","link":"https:\/\/tvc16.com\/portal\/2020\/12\/06\/educacao-lanca-o-e-book-acolhimento-inspiracoes-para-uma-escola-humanizada\/","title":{"rendered":"Educa\u00e7\u00e3o lan\u00e7a o e-book \u201cAcolhimento: Inspira\u00e7\u00f5es para uma escola humanizada\u201d"},"content":{"rendered":"\n<p><em>Objetivo \u00e9 o de despertar a aten\u00e7\u00e3o no atendimento socioemocional nas institui\u00e7\u00f5es de ensino quando for poss\u00edvel o retorno presencial das aulas<\/em><\/p>\n\n\n\n<p>Acolhimento e cuidado emocional com alunos e equipes que atuam nos Centros de Educa\u00e7\u00e3o Infantil e escolas da rede municipal de Educa\u00e7\u00e3o. Com esse objetivo, a Secretaria de Educa\u00e7\u00e3o, atrav\u00e9s da Assessoria em Psicologia Escolar do Departamento de Educa\u00e7\u00e3o Especial, criou o e-book \u201cAcolhimento: Inspira\u00e7\u00f5es para uma escola humanizada\u201d. O material, que ser\u00e1 disponibilizado na plataforma Educa em Casa a partir do dia 9 de dezembro, servir\u00e1 como base para as equipes gestoras das unidades de ensino.<\/p>\n\n\n\n<p>Ainda n\u00e3o h\u00e1 data definida para o retorno das aulas presenciais no munic\u00edpio, mas, a ideia da elabora\u00e7\u00e3o do material surgiu a partir das forma\u00e7\u00f5es que foram realizadas de forma online com os servidores que atuam diretamente no atendimento dos alunos.<\/p>\n\n\n\n<p>\u201cA Secretaria de Educa\u00e7\u00e3o deu continuidade, mesmo com a pandemia e suspens\u00e3o das aulas, aos encontros formativos com os servidores, n\u00e3o s\u00f3 para atualiza\u00e7\u00e3o dos conhecimentos e para tirar d\u00favidas, mas, tamb\u00e9m para receber ideias e sugest\u00f5es. O novo normal nos pegou de surpresa e, gra\u00e7as ao apoio de toda comunidade escolar e os profissionais da rede, estamos conseguindo dar continuidade no oferecimento de atividades para os alunos. A Secretaria de Educa\u00e7\u00e3o est\u00e1 de parab\u00e9ns por mais essa a\u00e7\u00e3o\u201d, afirma o prefeito Bernardo Rossi.<\/p>\n\n\n\n<p>O e-book surgiu a partir das forma\u00e7\u00f5es online realizadas com os gestores escolares em junho deste ano, com base nas reflex\u00f5es sobre educa\u00e7\u00e3o socioemocional em tempos de pandemia, e, levando em conta a prioridade na abordagem sobre o cuidado emocional com todos, alunos e servidores.<\/p>\n\n\n\n<p>\u201cDurante esses encontros, a necessidade de tratarmos sobre o acolhimento ecoou de maneira un\u00e2nime.&nbsp; A partir dessa observa\u00e7\u00e3o e diante da premissa de que a Assessoria em Psicologia Escolar fundamenta seu trabalho na preven\u00e7\u00e3o e promo\u00e7\u00e3o de Sa\u00fade Mental no ambiente escolar, e ainda, tendo como base em grande parte de suas forma\u00e7\u00f5es, as Compet\u00eancias e Habilidades Socioemocionais preconizadas pela Base Nacional Comum Curricular (BNCC), tratarmos de acolhimento nesse momento in\u00e9dito em que vivemos se fez necess\u00e1rio.&nbsp; Assim, atrav\u00e9s do Laborat\u00f3rio das Emo\u00e7\u00f5es &#8211; online, oferecido aos orientadores escolares do munic\u00edpio, que ocorreu em setembro e outubro deste presente ano, aprofundamos o tema de maneira objetiva e pr\u00e1tica tendo como base o e-book, oportunizando a reflex\u00e3o sobre o acolhimento consciente e estruturado em todos os seus aspectos, refletindo um ambiente emocional favor\u00e1vel, traduzido no bem-estar de todos\u201d, explica a diretora do Departamento de Educa\u00e7\u00e3o Especial, Bianca Paiva.<\/p>\n\n\n\n<p>A secret\u00e1ria de Educa\u00e7\u00e3o, Marcia Palma, destaca, ainda, que al\u00e9m do e-book, a plataforma Educa em Casa, t\u00eam outros materiais de apoio aos pais e alunos. \u201cDicas de atividades diferenciadas, informa\u00e7\u00f5es sobre a necessidade de conversar, fazer programas diferentes com as crian\u00e7as e adolescentes, informa\u00e7\u00f5es sobre a pandemia e de como falar sobre esse assunto com as crian\u00e7as, preven\u00e7\u00e3o e sa\u00fade mental, livros em pdf, jogos e videoaulas. Esses s\u00e3o alguns dos destaques da plataforma. Vale a pena visitar e conferir. Tudo foi preparado com muito carinho pela equipe da Secretaria de Educa\u00e7\u00e3o, sem custos para o munic\u00edpio e vem dando um resultado positivo, fortalecendo o v\u00ednculo aluno-escola, t\u00e3o necess\u00e1rio para a aprendizagem, sobretudo nesse momento em que estamos afastados fisicamente\u201d, contou Marcia Palma.<\/p>\n\n\n\n<p>O e-book \u201cAcolhimento: Inspira\u00e7\u00f5es para uma escola humanizada\u201d estar\u00e1 dispon\u00edvel no site da prefeitura e na plataforma Educa em Casa (<a rel=\"noreferrer noopener\" target=\"_blank\" href=\"http:\/\/www.petropolis.rj.gov.br\">www.petropolis.rj.gov.br<\/a>) a partir do dia 09 de dezembro, na p\u00e1gina \u201cEduca\u00e7\u00e3o Especial\u201d, na sala virtual \u201cForma\u00e7\u00e3o\u201d, semana 34. No site da Prefeitura, o e-book ficar\u00e1 na se\u00e7\u00e3o Prefeitura\/Secretaria de Educa\u00e7\u00e3o\u201d, no item \u201cDownloads\u201d.<\/p>\n","protected":false},"excerpt":{"rendered":"<p>Objetivo \u00e9 o de despertar a aten\u00e7\u00e3o no atendimento socioemocional nas institui\u00e7\u00f5es de ensino quando<\/p>\n","protected":false},"author":2,"featured_media":7562,"comment_status":"open","ping_status":"open","sticky":false,"template":"","format":"standard","meta":{"footnotes":""},"categories":[12],"tags":[],"class_list":["post-7561","post","type-post","status-publish","format-standard","has-post-thumbnail","hentry","category-cidade"],"_links":{"self":[{"href":"https:\/\/tvc16.com\/portal\/wp-json\/wp\/v2\/posts\/7561","targetHints":{"allow":["GET"]}}],"collection":[{"href":"https:\/\/tvc16.com\/portal\/wp-json\/wp\/v2\/posts"}],"about":[{"href":"https:\/\/tvc16.com\/portal\/wp-json\/wp\/v2\/types\/post"}],"author":[{"embeddable":true,"href":"https:\/\/tvc16.com\/portal\/wp-json\/wp\/v2\/users\/2"}],"replies":[{"embeddable":true,"href":"https:\/\/tvc16.com\/portal\/wp-json\/wp\/v2\/comments?post=7561"}],"version-history":[{"count":1,"href":"https:\/\/tvc16.com\/portal\/wp-json\/wp\/v2\/posts\/7561\/revisions"}],"predecessor-version":[{"id":7563,"href":"https:\/\/tvc16.com\/portal\/wp-json\/wp\/v2\/posts\/7561\/revisions\/7563"}],"wp:featuredmedia":[{"embeddable":true,"href":"https:\/\/tvc16.com\/portal\/wp-json\/wp\/v2\/media\/7562"}],"wp:attachment":[{"href":"https:\/\/tvc16.com\/portal\/wp-json\/wp\/v2\/media?parent=7561"}],"wp:term":[{"taxonomy":"category","embeddable":true,"href":"https:\/\/tvc16.com\/portal\/wp-json\/wp\/v2\/categories?post=7561"},{"taxonomy":"post_tag","embeddable":true,"href":"https:\/\/tvc16.com\/portal\/wp-json\/wp\/v2\/tags?post=7561"}],"curies":[{"name":"wp","href":"https:\/\/api.w.org\/{rel}","templated":true}]}}