{"id":7564,"date":"2020-12-06T00:17:44","date_gmt":"2020-12-06T03:17:44","guid":{"rendered":"https:\/\/tvc16.com\/portal\/?p=7564"},"modified":"2020-12-06T00:17:46","modified_gmt":"2020-12-06T03:17:46","slug":"uerj-completa-sete-decadas-dedicada-ao-pioneirismo-inclusao-social-e-inovacao-2","status":"publish","type":"post","link":"https:\/\/tvc16.com\/portal\/2020\/12\/06\/uerj-completa-sete-decadas-dedicada-ao-pioneirismo-inclusao-social-e-inovacao-2\/","title":{"rendered":"Uerj completa sete d\u00e9cadas dedicada ao pioneirismo, inclus\u00e3o social e inova\u00e7\u00e3o"},"content":{"rendered":"\n<p><br><em>Com mais de 34 mil alunos e 2,8 mil professores, universidade possui mais de 90 cursos de gradua\u00e7\u00e3o e est\u00e1 presente em oito munic\u00edpios do estado<\/em><\/p>\n\n\n\n<p>A Universidade do Estado do Rio de Janeiro (Uerj) completa 70 anos nesta sexta-feira (4\/12) como uma das principais do Brasil. Importante agente no desenvolvimento fluminense, a institui\u00e7\u00e3o est\u00e1 presente em oito munic\u00edpios: Rio de Janeiro, Teres\u00f3polis, Petr\u00f3polis, Nova Friburgo, S\u00e3o Gon\u00e7alo, Angra dos Reis, Duque de Caxias e Resende. S\u00e3o mais de 34 mil alunos e 2,8 mil professores nos seus mais de mais de 90 cursos de gradua\u00e7\u00e3o, 63 de mestrado e 46 de doutorado.<\/p>\n\n\n\n<p>&#8211; \u00c9 fundamental destacar a import\u00e2ncia da autonomia universit\u00e1ria e seus aspectos did\u00e1ticos, pedag\u00f3gicos, administrativos e financeiros-patrimoniais para o desenvolvimento cultural, econ\u00f4mico e social do Pa\u00eds. Em seu pleno funcionamento, a Uerj influencia a vida de milhares de fam\u00edlias, por meio dos seus cursos de gradua\u00e7\u00e3o, atendimento m\u00e9dico \u00e0 popula\u00e7\u00e3o mais carente, pesquisas cient\u00edficas e projetos de extens\u00e3o \u2013 afirmou o reitor Ricardo Lodi Ribeiro, em seu discurso de posse.<\/p>\n\n\n\n<p>Pioneira por tradi\u00e7\u00e3o, a Uerj foi a primeira universidade p\u00fablica do Brasil a adotar um sistema de cotas para negros, pardos e alunos da rede p\u00fablica de ensino, al\u00e9m de oferecer ensino noturno e implantar uma Ouvidoria. O sistema de cotas j\u00e1 beneficiou mais de 25 mil estudantes.<\/p>\n\n\n\n<p>&#8211; A Uerj \u00e9 a universidade que mais tem inclus\u00e3o social do Brasil. \u00c9 muito importante que o trabalho desenvolvido aqui reverta para a popula\u00e7\u00e3o. \u00c9 fundamental que tudo o que fazemos d\u00ea esse retorno social. \u00c9 o nosso papel &#8211; disse o vice-reitor, Mario Sergio Alves Carneiro.<\/p>\n\n\n\n<p><strong>Inova\u00e7\u00e3o e aumento na produ\u00e7\u00e3o cient\u00edfica<br><\/strong><br><br>A cada ano, a Uerj amplia sua infraestrutura em pesquisa, com a instala\u00e7\u00e3o de novos laborat\u00f3rios, assinaturas de conv\u00eanios, cria\u00e7\u00e3o de grupos de pesquisa e incremento nos programas de apoio. O resultado \u00e9 o aumento da produ\u00e7\u00e3o cient\u00edfica da universidade, que conta com 586 grupos de pesquisa e mais de mil pesquisadores no Conselho Nacional de Desenvolvimento Cient\u00edfico e Tecnol\u00f3gico (CNPq).<\/p>\n\n\n\n<p>Um desses departamentos que ajuda a fomentar a pesquisa e inova\u00e7\u00e3o \u00e9 o InovUerj. Vinculado \u00e0 Pr\u00f3-Reitoria de P\u00f3s-Gradua\u00e7\u00e3o e Pesquisa, o Departamento de Inova\u00e7\u00e3o foi idealizado para criar e manter uma linha de comunica\u00e7\u00e3o direta entre as pesquisas acad\u00eamicas com potencial para atender as demandas da sociedade.<\/p>\n\n\n\n<p>&#8211; A primeira coisa que fazemos \u00e9 articular e identificar quem inova, onde inova e para que inova. Todos os institutos da Uerj est\u00e3o inovando, e a gente faz essa identifica\u00e7\u00e3o para os desafios da sociedade &#8211; contou Marinilza Bruno de Carvalho, diretora do InovUerj.<\/p>\n\n\n\n<p>A experi\u00eancia no combate \u00e0 Covid-19 fez com que novas pesquisas avan\u00e7assem. A Faculdade de Ci\u00eancias M\u00e9dicas planeja a constru\u00e7\u00e3o de um Laborat\u00f3rio de N\u00edvel de Biosseguran\u00e7a 3, que lida com microrganismos de elevado risco individual e baixo risco para a comunidade. O Laborat\u00f3rio NB3, por lidar com patog\u00eanicos potencialmente letais, precisa de pr\u00e1ticas, equipamentos de seguran\u00e7a e instala\u00e7\u00f5es laboratoriais espec\u00edficas.<\/p>\n\n\n\n<p>&#8211; A Uerj tem 511 laborat\u00f3rios, 12 empresas juniores, cinco incubadoras e um projeto de parque industrial em Resende. A pol\u00edtica de inova\u00e7\u00e3o da universidade est\u00e1 desenhada. Cumprindo nosso papel de aproximar a sociedade \u00e0 academia, \u00e9 important\u00edssimo fazer valer o custo de uma universidade p\u00fablica e de qualidade para toda a popula\u00e7\u00e3o &#8211; afirma a diretora do InovUerj.<\/p>\n\n\n\n<p>A pandemia da Covid-19 trouxe um grande desafio para a universidade. O seu complexo de sa\u00fade, com o Hospital Pedro Ernesto e a Policl\u00ednica Piquet Carneiro, esteve na linha de frente do combate ao v\u00edrus. Todas as 33 unidades da Uerj tiveram que encontrar novas formas de dar seguimento \u00e0s aulas.<\/p>\n\n\n\n<p>&#8211; O ensino presencial \u00e9 insubstitu\u00edvel, mas a utiliza\u00e7\u00e3o da internet para aulas pode ser incorporada de alguma maneira. \u00c9 um ganho importante para o aluno a possibilidade de acessar um Banco de Aulas, caso perca algum conte\u00fado. Esses mecanismos que surgiram durante a pandemia podem aprimorar ainda mais os nossos cursos &#8211; comentou o vice-reitor Mario&nbsp;Sergio.<\/p>\n\n\n\n<p><strong>Hist\u00f3rico da universidade<br><\/strong><br><br>A institui\u00e7\u00e3o foi criada como a Universidade do Distrito Federal a partir da fus\u00e3o da Faculdade de Ci\u00eancias Econ\u00f4micas do Rio de Janeiro, da Faculdade de Direito do Rio de Janeiro, da Faculdade de Filosofia do Instituto La-Fayette e da Faculdade de Ci\u00eancias M\u00e9dicas. Com o passar dos anos outros nomes foram adotados, como Universidade do Rio de Janeiro e Universidade do Estado da Guanabara, e outras institui\u00e7\u00f5es como a Escola Superior de Desenho Industrial, o Hospital Geral Pedro Ernesto, a Escola de Enfermagem Raquel Haddock Lobo, entre outras, se uniram \u00e0s faculdades fundadoras.<\/p>\n\n\n\n<p>Nesses 70 anos, a Uerj criou outras 16 unidades para atender as demandas de sua comunidade, como o Instituto de Aplica\u00e7\u00e3o Fernando Rodrigues da Silveira (CAp-Uerj). O CAp-Uerj promove forma\u00e7\u00e3o integral aos estudantes de Educa\u00e7\u00e3o B\u00e1sica, Ensino Fundamental e M\u00e9dio, al\u00e9m de proporcionar experi\u00eancias de aula aos graduandos voltados \u00e0 doc\u00eancia.<\/p>\n\n\n\n<p>&#8211; Estamos planejando a mudan\u00e7a da sede do Col\u00e9gio de Aplica\u00e7\u00e3o (CAp) para uma nova unidade, no Col\u00e9gio Padre Leonardo Carrescia. Al\u00e9m de atender a popula\u00e7\u00e3o, o instituto recebe os filhos de funcion\u00e1rios e professores. \u00c9 um projeto que permitiria que aument\u00e1ssemos o n\u00famero de vagas para oferecermos um maior n\u00famero de cursos &#8211; concluiu o vice-reitor Mario Sergio.<\/p>\n","protected":false},"excerpt":{"rendered":"<p>Com mais de 34 mil alunos e 2,8 mil professores, universidade possui mais de 90<\/p>\n","protected":false},"author":2,"featured_media":7565,"comment_status":"open","ping_status":"open","sticky":false,"template":"","format":"standard","meta":{"footnotes":""},"categories":[19],"tags":[],"class_list":["post-7564","post","type-post","status-publish","format-standard","has-post-thumbnail","hentry","category-educacao"],"_links":{"self":[{"href":"https:\/\/tvc16.com\/portal\/wp-json\/wp\/v2\/posts\/7564","targetHints":{"allow":["GET"]}}],"collection":[{"href":"https:\/\/tvc16.com\/portal\/wp-json\/wp\/v2\/posts"}],"about":[{"href":"https:\/\/tvc16.com\/portal\/wp-json\/wp\/v2\/types\/post"}],"author":[{"embeddable":true,"href":"https:\/\/tvc16.com\/portal\/wp-json\/wp\/v2\/users\/2"}],"replies":[{"embeddable":true,"href":"https:\/\/tvc16.com\/portal\/wp-json\/wp\/v2\/comments?post=7564"}],"version-history":[{"count":1,"href":"https:\/\/tvc16.com\/portal\/wp-json\/wp\/v2\/posts\/7564\/revisions"}],"predecessor-version":[{"id":7566,"href":"https:\/\/tvc16.com\/portal\/wp-json\/wp\/v2\/posts\/7564\/revisions\/7566"}],"wp:featuredmedia":[{"embeddable":true,"href":"https:\/\/tvc16.com\/portal\/wp-json\/wp\/v2\/media\/7565"}],"wp:attachment":[{"href":"https:\/\/tvc16.com\/portal\/wp-json\/wp\/v2\/media?parent=7564"}],"wp:term":[{"taxonomy":"category","embeddable":true,"href":"https:\/\/tvc16.com\/portal\/wp-json\/wp\/v2\/categories?post=7564"},{"taxonomy":"post_tag","embeddable":true,"href":"https:\/\/tvc16.com\/portal\/wp-json\/wp\/v2\/tags?post=7564"}],"curies":[{"name":"wp","href":"https:\/\/api.w.org\/{rel}","templated":true}]}}