{"id":7567,"date":"2020-12-06T00:45:09","date_gmt":"2020-12-06T03:45:09","guid":{"rendered":"https:\/\/tvc16.com\/portal\/?p=7567"},"modified":"2020-12-06T10:51:47","modified_gmt":"2020-12-06T13:51:47","slug":"adereco-de-natal-da-rua-16-de-marco-e-furtado","status":"publish","type":"post","link":"https:\/\/tvc16.com\/portal\/2020\/12\/06\/adereco-de-natal-da-rua-16-de-marco-e-furtado\/","title":{"rendered":"Adere\u00e7o de natal da Rua 16 de Mar\u00e7o \u00e9 furtado"},"content":{"rendered":"\n<p>Um dos soldadinhos, que enfeitam a Rua, foi levado por duas jovens<\/p>\n\n\n\n<p>A Rua 16 de mar\u00e7o amanheceu com um soldado a menos na sua decora\u00e7\u00e3o de natal. Isto porque, na madrugada deste s\u00e1bado (05), por volta das 00h30, duas jovens furtaram o enfeite natalino. As c\u00e2meras de seguran\u00e7a da rua flagraram toda a a\u00e7\u00e3o. No v\u00eddeo \u00e9 poss\u00edvel observar que elas est\u00e3o sentadas na cal\u00e7ada, quando de repente levantam e, com sacolas nas m\u00e3os, tentam embalar um dos bonecos. Em seguida as jovens carregam a decora\u00e7\u00e3o para o outro lado da Rua e s\u00e3o filmadas novamente pelas c\u00e2meras de vigil\u00e2ncia. Posteriormente s\u00e3o vistas indo em dire\u00e7\u00e3o a Rua Dr.Nelson de S\u00e1 Earp (antiga Jo\u00e3o Pessoa).<\/p>\n\n\n\n<figure class=\"wp-block-image size-large is-style-rounded\"><img loading=\"lazy\" decoding=\"async\" width=\"768\" height=\"1024\" src=\"https:\/\/tvc16.com\/portal\/wp-content\/uploads\/2020\/12\/IMG-20201205-WA0108-768x1024.jpg\" alt=\"\" class=\"wp-image-7568\" srcset=\"https:\/\/tvc16.com\/portal\/wp-content\/uploads\/2020\/12\/IMG-20201205-WA0108-768x1024.jpg 768w, https:\/\/tvc16.com\/portal\/wp-content\/uploads\/2020\/12\/IMG-20201205-WA0108-225x300.jpg 225w, https:\/\/tvc16.com\/portal\/wp-content\/uploads\/2020\/12\/IMG-20201205-WA0108.jpg 960w\" sizes=\"auto, (max-width: 768px) 100vw, 768px\" \/><figcaption>Soldadinhos que fazem parte da decora\u00e7\u00e3o natalina da Rua<\/figcaption><\/figure>\n\n\n\n<p>De acordo com a empres\u00e1ria Alvanei Abi Daoud, cada soldadinho custa cerca de R$ 800, e todos os anos no Natal, oito deles s\u00e3o espalhados em pontos estrat\u00e9gicos da Rua Dezesseis de Mar\u00e7o. \u201cCada s\u00edndico do pr\u00e9dio, onde fica um soldado em frente, \u00e9 respons\u00e1vel por guarda-lo \u00e0 noite. Mas, desta vez, houve um esquecimento e infelizmente o furto. Vale ressaltar, que vamos registrar um boletim de ocorr\u00eancia assim que poss\u00edvel\u201d, afirmou.<\/p>\n\n\n\n<figure class=\"wp-block-image size-large is-style-rounded\"><img loading=\"lazy\" decoding=\"async\" width=\"538\" height=\"794\" src=\"https:\/\/tvc16.com\/portal\/wp-content\/uploads\/2020\/12\/20201206_003403.jpg\" alt=\"\" class=\"wp-image-7569\" srcset=\"https:\/\/tvc16.com\/portal\/wp-content\/uploads\/2020\/12\/20201206_003403.jpg 538w, https:\/\/tvc16.com\/portal\/wp-content\/uploads\/2020\/12\/20201206_003403-203x300.jpg 203w\" sizes=\"auto, (max-width: 538px) 100vw, 538px\" \/><figcaption>Alvanei Abi Daoud, empres\u00e1ria (foto de arquivo)<\/figcaption><\/figure>\n\n\n\n<p>Para a empres\u00e1ria C\u00e9lia D\u2019Azevedo o furto foi um absurdo. \u201cFicamos surpresos. Vivemos um momento dif\u00edcil, onde todos passam por uma crise enorme. Estamos aproveitando a decora\u00e7\u00e3o dos outros anos para dar vida a rua, levar um pouco de  alegria, e ainda passamos por isso. Muito ruim e triste ver a juventude do jeito que est\u00e1\u201d, lamentou.<\/p>\n\n\n\n<figure class=\"wp-block-image size-large is-style-rounded\"><img loading=\"lazy\" decoding=\"async\" width=\"626\" height=\"590\" src=\"https:\/\/tvc16.com\/portal\/wp-content\/uploads\/2020\/12\/20201206_003426.jpg\" alt=\"\" class=\"wp-image-7570\" srcset=\"https:\/\/tvc16.com\/portal\/wp-content\/uploads\/2020\/12\/20201206_003426.jpg 626w, https:\/\/tvc16.com\/portal\/wp-content\/uploads\/2020\/12\/20201206_003426-300x283.jpg 300w\" sizes=\"auto, (max-width: 626px) 100vw, 626px\" \/><figcaption>C\u00e9lia D&#8217; Azevedo, empres\u00e1ria (foto de arquivo)<\/figcaption><\/figure>\n\n\n\n<p><\/p>\n","protected":false},"excerpt":{"rendered":"<p>Um dos soldadinhos, que enfeitam a Rua, foi levado por duas jovens A Rua 16<\/p>\n","protected":false},"author":2,"featured_media":7573,"comment_status":"open","ping_status":"open","sticky":false,"template":"","format":"standard","meta":{"footnotes":""},"categories":[12],"tags":[],"class_list":["post-7567","post","type-post","status-publish","format-standard","has-post-thumbnail","hentry","category-cidade"],"_links":{"self":[{"href":"https:\/\/tvc16.com\/portal\/wp-json\/wp\/v2\/posts\/7567","targetHints":{"allow":["GET"]}}],"collection":[{"href":"https:\/\/tvc16.com\/portal\/wp-json\/wp\/v2\/posts"}],"about":[{"href":"https:\/\/tvc16.com\/portal\/wp-json\/wp\/v2\/types\/post"}],"author":[{"embeddable":true,"href":"https:\/\/tvc16.com\/portal\/wp-json\/wp\/v2\/users\/2"}],"replies":[{"embeddable":true,"href":"https:\/\/tvc16.com\/portal\/wp-json\/wp\/v2\/comments?post=7567"}],"version-history":[{"count":2,"href":"https:\/\/tvc16.com\/portal\/wp-json\/wp\/v2\/posts\/7567\/revisions"}],"predecessor-version":[{"id":7577,"href":"https:\/\/tvc16.com\/portal\/wp-json\/wp\/v2\/posts\/7567\/revisions\/7577"}],"wp:featuredmedia":[{"embeddable":true,"href":"https:\/\/tvc16.com\/portal\/wp-json\/wp\/v2\/media\/7573"}],"wp:attachment":[{"href":"https:\/\/tvc16.com\/portal\/wp-json\/wp\/v2\/media?parent=7567"}],"wp:term":[{"taxonomy":"category","embeddable":true,"href":"https:\/\/tvc16.com\/portal\/wp-json\/wp\/v2\/categories?post=7567"},{"taxonomy":"post_tag","embeddable":true,"href":"https:\/\/tvc16.com\/portal\/wp-json\/wp\/v2\/tags?post=7567"}],"curies":[{"name":"wp","href":"https:\/\/api.w.org\/{rel}","templated":true}]}}