{"id":7578,"date":"2020-12-06T11:23:55","date_gmt":"2020-12-06T14:23:55","guid":{"rendered":"https:\/\/tvc16.com\/portal\/?p=7578"},"modified":"2020-12-06T11:23:57","modified_gmt":"2020-12-06T14:23:57","slug":"lojas-da-rua-teresa-abrem-domingo-e-tem-horarios-especiais-para-o-mes-de-dezembro","status":"publish","type":"post","link":"https:\/\/tvc16.com\/portal\/2020\/12\/06\/lojas-da-rua-teresa-abrem-domingo-e-tem-horarios-especiais-para-o-mes-de-dezembro\/","title":{"rendered":"Lojas da Rua Teresa abrem domingo e t\u00eam hor\u00e1rios especiais para o m\u00eas de dezembro"},"content":{"rendered":"\n<p><strong>Hor\u00e1rios de funcionamento em dezembro<\/strong><\/p>\n\n\n\n<p>Todos os anos em dezembro, as marcas da\u00a0<strong>Rua Teresa<\/strong>\u00a0trabalham com hor\u00e1rios diferenciados para atender o aumento da demanda com as festas de fim de ano. Normalmente \u00e0s segundas-feiras, as lojas aderem \u00e0 Semana Inglesa, mas em dezembro os lojistas tem autoriza\u00e7\u00e3o para funcionar em hor\u00e1rio normal, das 9h \u00e0s 18h.<\/p>\n\n\n\n<p>Vale lembrar que aos domingos as lojas tamb\u00e9m podem funcionar. O hor\u00e1rio praticado \u00e9 definido pelo lojista. A maioria opta por trabalhar entre 10h e 16h, mas \u00e9 importante consultar sua marca preferida para conferir o hor\u00e1rio.<\/p>\n\n\n\n<figure class=\"wp-block-image size-large\"><img loading=\"lazy\" decoding=\"async\" width=\"1024\" height=\"498\" src=\"https:\/\/tvc16.com\/portal\/wp-content\/uploads\/2020\/12\/Guirlandaslacos-e-estrelas-dao-o-clima-Natalino-nas-galerias-da-Rua-Teresa-1024x498.jpg\" alt=\"\" class=\"wp-image-7579\" srcset=\"https:\/\/tvc16.com\/portal\/wp-content\/uploads\/2020\/12\/Guirlandaslacos-e-estrelas-dao-o-clima-Natalino-nas-galerias-da-Rua-Teresa-1024x498.jpg 1024w, https:\/\/tvc16.com\/portal\/wp-content\/uploads\/2020\/12\/Guirlandaslacos-e-estrelas-dao-o-clima-Natalino-nas-galerias-da-Rua-Teresa-300x146.jpg 300w, https:\/\/tvc16.com\/portal\/wp-content\/uploads\/2020\/12\/Guirlandaslacos-e-estrelas-dao-o-clima-Natalino-nas-galerias-da-Rua-Teresa-768x373.jpg 768w, https:\/\/tvc16.com\/portal\/wp-content\/uploads\/2020\/12\/Guirlandaslacos-e-estrelas-dao-o-clima-Natalino-nas-galerias-da-Rua-Teresa.jpg 1280w\" sizes=\"auto, (max-width: 1024px) 100vw, 1024px\" \/><figcaption>Galeria na Rua Teresa pronta para o natal<\/figcaption><\/figure>\n\n\n\n<p>As lojas da&nbsp;<strong>Rua Teresa<\/strong>&nbsp;seguem os protocolos de atendimento determinados pelos \u00f3rg\u00e3os de sa\u00fade, com a utiliza\u00e7\u00e3o de \u00e1lcool em gel para higieniza\u00e7\u00e3o das m\u00e3os de clientes e colaboradores, limpeza refor\u00e7ada das lojas, atendimento com m\u00e1scaras de prote\u00e7\u00e3o e controle de acesso aos estabelecimentos.<\/p>\n\n\n\n<p>No Instagram @ruateresaoficial voc\u00ea encontra mais informa\u00e7\u00f5es sobre as marcas e funcionamento da Rua Teresa.<\/p>\n","protected":false},"excerpt":{"rendered":"<p>Hor\u00e1rios de funcionamento em dezembro Todos os anos em dezembro, as marcas da\u00a0Rua Teresa\u00a0trabalham com<\/p>\n","protected":false},"author":2,"featured_media":7580,"comment_status":"open","ping_status":"open","sticky":false,"template":"","format":"standard","meta":{"footnotes":""},"categories":[12],"tags":[],"class_list":["post-7578","post","type-post","status-publish","format-standard","has-post-thumbnail","hentry","category-cidade"],"_links":{"self":[{"href":"https:\/\/tvc16.com\/portal\/wp-json\/wp\/v2\/posts\/7578","targetHints":{"allow":["GET"]}}],"collection":[{"href":"https:\/\/tvc16.com\/portal\/wp-json\/wp\/v2\/posts"}],"about":[{"href":"https:\/\/tvc16.com\/portal\/wp-json\/wp\/v2\/types\/post"}],"author":[{"embeddable":true,"href":"https:\/\/tvc16.com\/portal\/wp-json\/wp\/v2\/users\/2"}],"replies":[{"embeddable":true,"href":"https:\/\/tvc16.com\/portal\/wp-json\/wp\/v2\/comments?post=7578"}],"version-history":[{"count":1,"href":"https:\/\/tvc16.com\/portal\/wp-json\/wp\/v2\/posts\/7578\/revisions"}],"predecessor-version":[{"id":7581,"href":"https:\/\/tvc16.com\/portal\/wp-json\/wp\/v2\/posts\/7578\/revisions\/7581"}],"wp:featuredmedia":[{"embeddable":true,"href":"https:\/\/tvc16.com\/portal\/wp-json\/wp\/v2\/media\/7580"}],"wp:attachment":[{"href":"https:\/\/tvc16.com\/portal\/wp-json\/wp\/v2\/media?parent=7578"}],"wp:term":[{"taxonomy":"category","embeddable":true,"href":"https:\/\/tvc16.com\/portal\/wp-json\/wp\/v2\/categories?post=7578"},{"taxonomy":"post_tag","embeddable":true,"href":"https:\/\/tvc16.com\/portal\/wp-json\/wp\/v2\/tags?post=7578"}],"curies":[{"name":"wp","href":"https:\/\/api.w.org\/{rel}","templated":true}]}}