{"id":7582,"date":"2020-12-06T11:28:10","date_gmt":"2020-12-06T14:28:10","guid":{"rendered":"https:\/\/tvc16.com\/portal\/?p=7582"},"modified":"2020-12-06T11:28:13","modified_gmt":"2020-12-06T14:28:13","slug":"pesquisa-americana-aponta-melhor-material-de-epi-contra-a-covid-19-2","status":"publish","type":"post","link":"https:\/\/tvc16.com\/portal\/2020\/12\/06\/pesquisa-americana-aponta-melhor-material-de-epi-contra-a-covid-19-2\/","title":{"rendered":"Pesquisa americana aponta melhor material de EPI contra a covid-19"},"content":{"rendered":"\n<p>M\u00e1scaras feitas com tecidos porosos como tric\u00f4 e croch\u00ea n\u00e3o funcionam na preven\u00e7\u00e3o<\/p>\n\n\n\n<p>Ap\u00f3s nove meses de pandemia, mais de 6 milh\u00f5es de casos da Covid-19 e quase 173 mil mortes causadas pelo v\u00edrus no Brasil, o Pa\u00eds deu in\u00edcio a um processo de flexibiliza\u00e7\u00e3o do isolamento e retomada econ\u00f4mica. Ainda assim, gestores e profissionais da sa\u00fade recomendam que as medidas de prote\u00e7\u00e3o contra o coronav\u00edrus n\u00e3o devem ser relaxadas igualmente. Uma pesquisa do Instituto Polit\u00e9cnico e Universidade Estadual da Virg\u00ednia (Virginia Tech), nos Estados Unidos, reuniu uma s\u00e9rie de cuidados extras que devem ser aplicados na hora de confeccionar e escolher um dos principais equipamentos de prote\u00e7\u00e3o: a m\u00e1scara.&nbsp;<\/p>\n\n\n\n<p><strong><a href=\"https:\/\/brasil61.com\/noticias\/dois-cachorros-sao-diagnosticados-com-sars-cov-2-no-parana-bras202746\">Dois cachorros s\u00e3o diagnosticados com SARS-CoV-2 no Paran\u00e1<\/a><\/strong><\/p>\n\n\n\n<p><strong><a href=\"https:\/\/brasil61.com\/noticias\/numero-de-internacoes-por-covid-19-volta-a-subir-na-paraiba-bras202782\">N\u00famero de interna\u00e7\u00f5es por Covid-19 volta a subir na Para\u00edba<\/a><\/strong><\/p>\n\n\n\n<p><strong><a href=\"https:\/\/brasil61.com\/noticias\/anvisa-recebe-documentos-para-submissao-continua-da-vacina-contra-covid-19-bras202790\">Anvisa recebe documentos para submiss\u00e3o cont\u00ednua da vacina contra Covid-19<\/a><\/strong><\/p>\n\n\n\n<p>O estudo destaca a import\u00e2ncia de se procurar por materiais flex\u00edveis, prendedores que se fixem atr\u00e1s da cabe\u00e7a, e pontua que tr\u00eas camadas devem proteger melhor que apenas duas. Sobre o material, a pesquisa destaca que n\u00e3o \u00e9 necess\u00e1rio comprar m\u00e1scaras de laborat\u00f3rio, como a N95, para ter seguran\u00e7a contra o v\u00edrus. M\u00e1scaras de tecido tamb\u00e9m protegem com efici\u00eancia.<\/p>\n\n\n\n<p>De acordo com a infectologista e consultora da Sociedade Brasileira de Infectologia, Raquel Stucchi, \u00e9 necess\u00e1rio ter aten\u00e7\u00e3o ao tipo de tecido utilizado na confec\u00e7\u00e3o do protetor.&nbsp;<\/p>\n\n\n\n<p>\u201cElas podem ser feitas em casa e podem ser feitas de tecido. O tecido ideal \u00e9 o algod\u00e3o e a melhor m\u00e1scara, que vai proteger mais, \u00e9 aquela que tem uma camada dupla. Se for poss\u00edvel, d\u00e1 para colocar uma camada intermedi\u00e1ria de um outro tecido, se n\u00e3o for poss\u00edvel alguns at\u00e9 recomendam que se coloque, por exemplo, uma folha de filtro de papel\u201d, indica.&nbsp;<\/p>\n\n\n\n<p>A especialista explica que tecidos como croch\u00ea, tric\u00f4, renda ou outros com furinhos n\u00e3o servem para proteger contra o coronav\u00edrus. Segundo Raquel o tecido precisa ter uma trama mais fechada para impedir a passagem do v\u00edrus. &nbsp;<\/p>\n\n\n\n<p>Renato Kfoure, diretor da Sociedade Brasileira de Imuniza\u00e7\u00f5es (SBIm), afirma que a m\u00e1scara \u00e9 o meio mais eficaz de se evitar a Covid-19 porque protege quem usa e quem se aproxima.&nbsp;<\/p>\n\n\n\n<p>\u201cA m\u00e1scara, ou qualquer m\u00e9todo de barreira, protege tanto o indiv\u00edduo de transmitir a doen\u00e7a, quanto de adquirir a doen\u00e7a. Devemos salientar que indiv\u00edduos que est\u00e3o naquela fase antes dos sintomas, chamados pr\u00e9-sintom\u00e1ticos, j\u00e1 podem ser transmissores. Al\u00e9m daqueles que s\u00e3o assintom\u00e1ticos, que tem a doen\u00e7a e n\u00e3o t\u00eam sintomas e ainda assim podem transmitir\u201d, ressalva.<\/p>\n\n\n\n<p>Os especialistas recomendam que o indiv\u00edduo deve sempre andar com uma m\u00e1scara reserva e trocar o equipamento de prote\u00e7\u00e3o individual a cada quatro horas. As m\u00e1scaras tamb\u00e9m s\u00f3 devem ser utilizadas quando secas. A umidade pode ajudar o coronav\u00edrus a entrar no sistema imunol\u00f3gico.&nbsp;<\/p>\n\n\n\n<figure class=\"wp-block-image\"><img decoding=\"async\" src=\"\/\/s3-sa-east-1.amazonaws.com\/agencia-radio-arb\/3261\/content_mascara-protecao.png\" alt=\"\"\/><\/figure>\n\n\n\n<p>Fonte: <a href=\"https:\/\/brasil61.com\/noticias\/pesquisa-americana-aponta-melhor-material-de-epi-contra-a-covid-19-bras202856?email=bethdeoliveira@yahoo.com.br&amp;utm_source=newsletter&amp;utm_medium=newsletter&amp;utm_campaign=newsletter\" target=\"_blank\" rel=\"noreferrer noopener\">Brasil 61<\/a><\/p>\n","protected":false},"excerpt":{"rendered":"<p>M\u00e1scaras feitas com tecidos porosos como tric\u00f4 e croch\u00ea n\u00e3o funcionam na preven\u00e7\u00e3o Ap\u00f3s nove<\/p>\n","protected":false},"author":2,"featured_media":7583,"comment_status":"open","ping_status":"open","sticky":false,"template":"","format":"standard","meta":{"footnotes":""},"categories":[13],"tags":[],"class_list":["post-7582","post","type-post","status-publish","format-standard","has-post-thumbnail","hentry","category-saude"],"_links":{"self":[{"href":"https:\/\/tvc16.com\/portal\/wp-json\/wp\/v2\/posts\/7582","targetHints":{"allow":["GET"]}}],"collection":[{"href":"https:\/\/tvc16.com\/portal\/wp-json\/wp\/v2\/posts"}],"about":[{"href":"https:\/\/tvc16.com\/portal\/wp-json\/wp\/v2\/types\/post"}],"author":[{"embeddable":true,"href":"https:\/\/tvc16.com\/portal\/wp-json\/wp\/v2\/users\/2"}],"replies":[{"embeddable":true,"href":"https:\/\/tvc16.com\/portal\/wp-json\/wp\/v2\/comments?post=7582"}],"version-history":[{"count":1,"href":"https:\/\/tvc16.com\/portal\/wp-json\/wp\/v2\/posts\/7582\/revisions"}],"predecessor-version":[{"id":7584,"href":"https:\/\/tvc16.com\/portal\/wp-json\/wp\/v2\/posts\/7582\/revisions\/7584"}],"wp:featuredmedia":[{"embeddable":true,"href":"https:\/\/tvc16.com\/portal\/wp-json\/wp\/v2\/media\/7583"}],"wp:attachment":[{"href":"https:\/\/tvc16.com\/portal\/wp-json\/wp\/v2\/media?parent=7582"}],"wp:term":[{"taxonomy":"category","embeddable":true,"href":"https:\/\/tvc16.com\/portal\/wp-json\/wp\/v2\/categories?post=7582"},{"taxonomy":"post_tag","embeddable":true,"href":"https:\/\/tvc16.com\/portal\/wp-json\/wp\/v2\/tags?post=7582"}],"curies":[{"name":"wp","href":"https:\/\/api.w.org\/{rel}","templated":true}]}}