{"id":7594,"date":"2020-12-06T11:53:01","date_gmt":"2020-12-06T14:53:01","guid":{"rendered":"https:\/\/tvc16.com\/portal\/?p=7594"},"modified":"2020-12-06T11:53:04","modified_gmt":"2020-12-06T14:53:04","slug":"morre-ex-presidente-do-uruguai-tabare-vazquez","status":"publish","type":"post","link":"https:\/\/tvc16.com\/portal\/2020\/12\/06\/morre-ex-presidente-do-uruguai-tabare-vazquez\/","title":{"rendered":"Morre ex-presidente do Uruguai Tabar\u00e9 V\u00e1zquez"},"content":{"rendered":"\n<h3 class=\"wp-block-heading\">Segundo a fam\u00edlia, ele lutava contra um c\u00e2ncer desde agosto de 2019<\/h3>\n\n\n\n<p>O ex-presidente do Uruguai Tabar\u00e9 V\u00e1zquez faleceu \u00e0s 3 horas da manh\u00e3 desde domingo (6),&nbsp;em decorr\u00eancia do c\u00e2ncer de pulm\u00e3o.<img decoding=\"async\" src=\"https:\/\/agenciabrasil.ebc.com.br\/ebc.png?id=1395659&amp;o=node\"><img decoding=\"async\" src=\"https:\/\/agenciabrasil.ebc.com.br\/ebc.gif?id=1395659&amp;o=node\"><\/p>\n\n\n\n<p>O filho Alvaro V\u00e1zquez informou pelo Twitter que o pai morreu enquanto descansava em casa, acompanhado por alguns familiares e amigos. &#8220;Em nome da fam\u00edlia, queremos agradecer a todos os uruguaios pelo amor recebido por ele ao longo de tantos anos.&#8221; Em 28 de novembro, Tabar\u00e9 V\u00e1zquez sofreu uma trombose aguda na perna esquerda, em consequ\u00eancia do c\u00e2ncer de pulm\u00e3o, diagnosticado em agosto de 2019.\u00a0<\/p>\n\n\n\n<p>Tabar\u00e9 Ram\u00f3n V\u00e1zquez Rosas nasceu no bairro La Teja,\u00a0em\u00a0Montevid\u00e9u, em 17 de janeiro de 1940. Ele\u00a0estudou medicina e se especializou em oncologia. Amante do futebol, foi presidente do time\u00a0Club Progreso por dez anos\u00a0(1979-1989). O clube conquistou o t\u00edtulo do campeonato nacional em 1984. Pelo Twitter, Club Progresso lamentou a morte de Tabar\u00e9 V\u00e1zquez.\u00a0 &#8220;De La Teja \u00e0 hist\u00f3ria &#8230; Uma imensa dor nos invade pela morte de Tabar\u00e9 V\u00e1zquez. O vizinho que nunca esqueceu o bairro e que levou o clube de seu amor ao topo.<\/p>\n\n\n\n<p>Tabar\u00e9 V\u00e1zquez&nbsp;se tornou prefeito de Montevid\u00e9u&nbsp;pelo partido de esquerda Frente Ampla. Mais tarde, foi eleito presidente do Uruguai por duas vezes. De&nbsp;2005 a&nbsp;2010 e de 2015 a&nbsp;2019, quando sucedeu Jos\u00e9 Mujica.&nbsp;<\/p>\n\n\n\n<p>O atual presidente do Uruguai, Luis Lacalle Pou, prestou condol\u00eancias. &#8220;Ele enfrentou sua \u00faltima batalha com coragem e serenidade. Tivemos momentos de di\u00e1logo pessoal e pol\u00edtico que valorizo \u200b\u200be irei lembrar. Ele serviu seu pa\u00eds e com base no esfor\u00e7o obteve importantes conquistas. Ele era o presidente dos uruguaios. O pa\u00eds est\u00e1 de luto.&#8221;<\/p>\n\n\n\n<p>Por Ag\u00eancia Brasil &#8211; Bras\u00edlia<\/p>\n\n\n\n<p>Edi\u00e7\u00e3o: Liliane Farias<\/p>\n","protected":false},"excerpt":{"rendered":"<p>Segundo a fam\u00edlia, ele lutava contra um c\u00e2ncer desde agosto de 2019 O ex-presidente do<\/p>\n","protected":false},"author":2,"featured_media":7595,"comment_status":"open","ping_status":"open","sticky":false,"template":"","format":"standard","meta":{"footnotes":""},"categories":[22],"tags":[],"class_list":["post-7594","post","type-post","status-publish","format-standard","has-post-thumbnail","hentry","category-internacional"],"_links":{"self":[{"href":"https:\/\/tvc16.com\/portal\/wp-json\/wp\/v2\/posts\/7594","targetHints":{"allow":["GET"]}}],"collection":[{"href":"https:\/\/tvc16.com\/portal\/wp-json\/wp\/v2\/posts"}],"about":[{"href":"https:\/\/tvc16.com\/portal\/wp-json\/wp\/v2\/types\/post"}],"author":[{"embeddable":true,"href":"https:\/\/tvc16.com\/portal\/wp-json\/wp\/v2\/users\/2"}],"replies":[{"embeddable":true,"href":"https:\/\/tvc16.com\/portal\/wp-json\/wp\/v2\/comments?post=7594"}],"version-history":[{"count":1,"href":"https:\/\/tvc16.com\/portal\/wp-json\/wp\/v2\/posts\/7594\/revisions"}],"predecessor-version":[{"id":7596,"href":"https:\/\/tvc16.com\/portal\/wp-json\/wp\/v2\/posts\/7594\/revisions\/7596"}],"wp:featuredmedia":[{"embeddable":true,"href":"https:\/\/tvc16.com\/portal\/wp-json\/wp\/v2\/media\/7595"}],"wp:attachment":[{"href":"https:\/\/tvc16.com\/portal\/wp-json\/wp\/v2\/media?parent=7594"}],"wp:term":[{"taxonomy":"category","embeddable":true,"href":"https:\/\/tvc16.com\/portal\/wp-json\/wp\/v2\/categories?post=7594"},{"taxonomy":"post_tag","embeddable":true,"href":"https:\/\/tvc16.com\/portal\/wp-json\/wp\/v2\/tags?post=7594"}],"curies":[{"name":"wp","href":"https:\/\/api.w.org\/{rel}","templated":true}]}}