{"id":7597,"date":"2020-12-06T11:55:51","date_gmt":"2020-12-06T14:55:51","guid":{"rendered":"https:\/\/tvc16.com\/portal\/?p=7597"},"modified":"2020-12-06T11:55:53","modified_gmt":"2020-12-06T14:55:53","slug":"eleitores-de-macapa-vao-as-urnas-para-eleger-prefeito-e-vereadores","status":"publish","type":"post","link":"https:\/\/tvc16.com\/portal\/2020\/12\/06\/eleitores-de-macapa-vao-as-urnas-para-eleger-prefeito-e-vereadores\/","title":{"rendered":"Eleitores de Macap\u00e1 v\u00e3o \u00e0s urnas para eleger prefeito e vereadores"},"content":{"rendered":"\n<h3 class=\"wp-block-heading\">De acordo com a Justi\u00e7a Eleitoral, 292.718 pessoas est\u00e3o aptas a votar<\/h3>\n\n\n\n<p>Os eleitores de Macap\u00e1 v\u00e3o \u00e0s urnas&nbsp;hoje&nbsp;(6) para elegerem o prefeito, o vice-prefeito e os 23 vereadores da C\u00e2mara Municipal. O pleito deveria&nbsp;ter&nbsp;sido realizado no m\u00eas passado, durante as elei\u00e7\u00f5es municipais em todo o pa\u00eds. mas foi adiado pelo Tribunal Superior Eleitoral (TSE) em fun\u00e7\u00e3o dos problemas no fornecimento de energia el\u00e9trica no estado.&nbsp;<img decoding=\"async\" src=\"https:\/\/agenciabrasil.ebc.com.br\/ebc.png?id=1395658&amp;o=node\"><img decoding=\"async\" src=\"https:\/\/agenciabrasil.ebc.com.br\/ebc.gif?id=1395658&amp;o=node\"><\/p>\n\n\n\n<p>Os 292.718 eleitores aptos a votar poder\u00e3o comparecer \u00e0s se\u00e7\u00f5es eleitorais das 7h \u00e0s 17h. Durante a vota\u00e7\u00e3o na capital amapaense, fica mantido o protocolo de seguran\u00e7a sanit\u00e1ria elaborado para evitar a contamina\u00e7\u00e3o pela covid-19.&nbsp;<\/p>\n\n\n\n<p>Os eleitores s\u00f3 poder\u00e3o entrar nos locais de vota\u00e7\u00e3o se estiverem usando m\u00e1scaras faciais. O uso dever\u00e1 ser feito em todo o percurso feito pelo eleitor at\u00e9 chegar na se\u00e7\u00e3o eleitoral. N\u00e3o ser\u00e1 permitido se alimentar, beber ou realizar qualquer ato que exija a retirada da m\u00e1scara.&nbsp;<\/p>\n\n\n\n<p>As m\u00e3os dever\u00e3o ser higienizadas com \u00e1lcool em gel antes e depois de votar. O produto ser\u00e1 disponibilizado nos locais de vota\u00e7\u00e3o. O TSE&nbsp;recomenda ainda que o eleitor leve sua pr\u00f3pria caneta para assinar o caderno de vota\u00e7\u00e3o.&nbsp;O processo de identifica\u00e7\u00e3o por biometria n\u00e3o usar\u00e1 usado nas elei\u00e7\u00f5es deste ano para evitar contamina\u00e7\u00e3o.&nbsp;<\/p>\n\n\n\n<p>A dist\u00e2ncia de um metro entre as demais pessoas tamb\u00e9m dever\u00e1 ser mantida. Ser\u00e3o feitas marca\u00e7\u00f5es no ch\u00e3o com adesivos para indicar o distanciamento correto.&nbsp;<\/p>\n\n\n\n<p><a href=\"https:\/\/agenciabrasil.ebc.com.br\/politica\/noticia\/2020-11\/eleicoes-2020-conheca-os-candidatos-prefeitura-de-macapa-ap\" target=\"_blank\" rel=\"noreferrer noopener\">Dez candidatos disputam a prefeitura da capital amapaense<\/a>, cuja popula\u00e7\u00e3o \u00e9 estimada em 513 mil habitantes. Confira os candidatos que est\u00e3o na disputa.<\/p>\n\n\n\n<p>Em um v\u00eddeo publicado pelo TSE,&nbsp;o presidente do tribunal, ministro Lu\u00eds Roberto Barroso,&nbsp;pediu que os eleitores compare\u00e7am \u00e0s urnas para elegerem seus candidatos preferidos.&nbsp;<\/p>\n\n\n\n<blockquote class=\"wp-block-quote is-layout-flow wp-block-quote-is-layout-flow\"><p>\u201cN\u00e3o h\u00e1 salva\u00e7\u00e3o fora da pol\u00edtica. As alternativas s\u00e3o todas piores. Portanto, a pol\u00edtica&nbsp;ter\u00e1 a qualidade daqueles que se dispuserem a participar. H\u00e1 muitos candidatos, h\u00e1 muitas op\u00e7\u00f5es para todas as vis\u00f5es de mundo. Conclamo a popula\u00e7\u00e3o de Macap\u00e1 a votar com consci\u00eancia e a votar com seguran\u00e7a, observadas as regras de utiliza\u00e7\u00e3o de m\u00e1scaras e de distanciamento social. N\u00e3o deixe de comparecer \u00e0s urnas. Ajude a fazer um pa\u00eds melhor e maior\u201d, disse Barroso.&nbsp;<\/p><\/blockquote>\n\n\n\n<p>O TRE-AP informou que algumas se\u00e7\u00f5es eleitorais foram remanejadas em raz\u00e3o da necessidade de uniformizar a quantidade de eleitores nas se\u00e7\u00f5es eleitorais.&nbsp;<a href=\"https:\/\/www.tre-ap.jus.br\/eleitor\/titulo-e-local-de-votacao\/titulo-e-local-de-votacao\" target=\"_blank\" rel=\"noreferrer noopener\">Para saber onde ser\u00e1 sua se\u00e7\u00e3o eleitoral<\/a>, o eleitor precisa acessar o<a href=\"https:\/\/www.tre-ap.jus.br\/\" target=\"_blank\" rel=\"noreferrer noopener\"><em>site<\/em>&nbsp;do&nbsp;TRE<\/a>&nbsp;ou baixar o aplicativo&nbsp;<a href=\"https:\/\/www.tre-ap.jus.br\/imprensa\/noticias-tre-ap\/2020\/Outubro\/e-titulo-passa-a-ter-foto-do-eleitor-e-pode-ser-usado-como-documento-oficial-para-votar\" target=\"_blank\" rel=\"noreferrer noopener\">e-T\u00edtulo<\/a>.<\/p>\n\n\n\n<h2 class=\"wp-block-heading\">Adiamento&nbsp;<\/h2>\n\n\n\n<p>O processo eleitoral em Macap\u00e1 foi adiado devido ao apag\u00e3o energ\u00e9tico no dia de 3 novembro, que&nbsp;afetou o estado, ap\u00f3s um inc\u00eandio&nbsp;ter destru\u00eddo tr\u00eas transformadores e uma subesta\u00e7\u00e3o de energia na capital do Amap\u00e1.&nbsp;Por mais de tr\u00eas semanas, o apag\u00e3o e a instabilidade no fornecimento de energia provocaram desabastecimento de luz, \u00e1gua e perdas de alimentos.<\/p>\n\n\n\n<p>Diante da situa\u00e7\u00e3o, o Tribunal Superior Eleitoral (TSE) acatou pedido do tribunal regional (TRE-AP) e, no dia 12 de novembro, anunciou que o pleito na capital do estado seria adiado. O TRE-AP informou que as elei\u00e7\u00f5es transcorreram normalmente nos demais munic\u00edpios amapaenses.<\/p>\n\n\n\n<h2 class=\"wp-block-heading\">Barroso visita Macap\u00e1 para acompanhar prepara\u00e7\u00e3o para elei\u00e7\u00f5es<\/h2>\n\n\n\n<p>Barroso reuniu-se neste s\u00e1bado com integrantes do TRE. \u201cAchei que era importante estar aqui com voc\u00eas, para que voc\u00eas saibam que a gente se preocupa. Esperamos que as elei\u00e7\u00f5es corram bem\u201d, disse o ministro, segundo nota divulgada pelo TSE.&nbsp;<\/p>\n\n\n\n<p>Barroso participou ainda dos trabalhos da comiss\u00e3o de auditoria da urna eletr\u00f4nica em Macap\u00e1. O procedimento, de acordo com o TSE, visa atestar a seguran\u00e7a da vota\u00e7\u00e3o eletr\u00f4nica. Integrantes do Minist\u00e9rio P\u00fablico e da Ordem dos Advogados do Brasil (OAB) acompanharam, e o procedimento foi gravado.&nbsp;<a href=\"https:\/\/agenciabrasil.ebc.com.br\/eleicoes-2020\/noticia\/2020-12\/barroso-visita-macapa-para-acompanhar-preparacao-para-eleicoes\" target=\"_blank\" rel=\"noreferrer noopener\">Leia mais<\/a><\/p>\n\n\n\n<figure class=\"wp-block-image\"><a href=\"https:\/\/agenciabrasil.ebc.com.br\/tags\/eleicoes-2020\"><img decoding=\"async\" src=\"https:\/\/conteudo.ebc.com.br\/agencia\/2020\/eleicao\/divulga\/banner_eleicoes2020_miolo.jpg\" alt=\"\"\/><\/a><\/figure>\n\n\n\n<h4 class=\"wp-block-heading\" id=\"block-77b1f84e-5b67-4b6b-a9d4-c9c647e2e2a9\">Por Andr\u00e9 Richter &#8211; Rep\u00f3rter da Ag\u00eancia Brasil &#8211; Bras\u00edlia<br><\/h4>\n\n\n\n<p>Edi\u00e7\u00e3o: Liliane Farias<\/p>\n","protected":false},"excerpt":{"rendered":"<p>De acordo com a Justi\u00e7a Eleitoral, 292.718 pessoas est\u00e3o aptas a votar Os eleitores de<\/p>\n","protected":false},"author":2,"featured_media":7598,"comment_status":"open","ping_status":"open","sticky":false,"template":"","format":"standard","meta":{"footnotes":""},"categories":[15],"tags":[],"class_list":["post-7597","post","type-post","status-publish","format-standard","has-post-thumbnail","hentry","category-politica"],"_links":{"self":[{"href":"https:\/\/tvc16.com\/portal\/wp-json\/wp\/v2\/posts\/7597","targetHints":{"allow":["GET"]}}],"collection":[{"href":"https:\/\/tvc16.com\/portal\/wp-json\/wp\/v2\/posts"}],"about":[{"href":"https:\/\/tvc16.com\/portal\/wp-json\/wp\/v2\/types\/post"}],"author":[{"embeddable":true,"href":"https:\/\/tvc16.com\/portal\/wp-json\/wp\/v2\/users\/2"}],"replies":[{"embeddable":true,"href":"https:\/\/tvc16.com\/portal\/wp-json\/wp\/v2\/comments?post=7597"}],"version-history":[{"count":1,"href":"https:\/\/tvc16.com\/portal\/wp-json\/wp\/v2\/posts\/7597\/revisions"}],"predecessor-version":[{"id":7599,"href":"https:\/\/tvc16.com\/portal\/wp-json\/wp\/v2\/posts\/7597\/revisions\/7599"}],"wp:featuredmedia":[{"embeddable":true,"href":"https:\/\/tvc16.com\/portal\/wp-json\/wp\/v2\/media\/7598"}],"wp:attachment":[{"href":"https:\/\/tvc16.com\/portal\/wp-json\/wp\/v2\/media?parent=7597"}],"wp:term":[{"taxonomy":"category","embeddable":true,"href":"https:\/\/tvc16.com\/portal\/wp-json\/wp\/v2\/categories?post=7597"},{"taxonomy":"post_tag","embeddable":true,"href":"https:\/\/tvc16.com\/portal\/wp-json\/wp\/v2\/tags?post=7597"}],"curies":[{"name":"wp","href":"https:\/\/api.w.org\/{rel}","templated":true}]}}