{"id":75988,"date":"2024-01-17T07:28:08","date_gmt":"2024-01-17T10:28:08","guid":{"rendered":"https:\/\/tvc16.com\/portal\/?p=75988"},"modified":"2024-01-18T12:47:21","modified_gmt":"2024-01-18T15:47:21","slug":"onibus-pega-fogo-na-rua-silva-jardim-no-centro-de-petropolis","status":"publish","type":"post","link":"https:\/\/tvc16.com\/portal\/2024\/01\/17\/onibus-pega-fogo-na-rua-silva-jardim-no-centro-de-petropolis\/","title":{"rendered":"\u00d4nibus pega fogo na Rua Silva Jardim, no Centro de Petr\u00f3polis"},"content":{"rendered":"\n<p>O Corpo de Bombeiros foi acionado \u00e0s 06h37, da manh\u00e3 desta quarta-feira (17), para deflagrar um inc\u00eandio em um \u00f4nibus da Via\u00e7\u00e3o Cidade das Hort\u00eancias, nas imedia\u00e7\u00f5es da Rua Silva Jardim, no Centro de Petr\u00f3polis. N\u00e3o h\u00e1 v\u00edtimas.<\/p>\n\n\n\n<p>De acordo com informa\u00e7\u00f5es preliminares, o \u00f4nibus come\u00e7ou a exalar muita fuma\u00e7a no interior do ve\u00edculo, o que fez com que os passageiros saissem rapidamente. Na sequ\u00eancia, o \u00f4nibus come\u00e7ou a pegar fogo.<\/p>\n\n\n\n<p>O Setranspetro informou que todos os \u00f4nibus das empresas Cidade das Hort\u00eansias e Cascatinha, que passam pela Rua Silva Jardim, est\u00e3o com itiner\u00e1rio desviado pela Avenida Ipiranga.<\/p>\n\n\n\n<p>Em nota a empresa Cidade Real informou que ningu\u00e9m ficou ferido. A empresa disse ainda, que est\u00e1 apurando o ocorrido, mas entende, de forma t\u00e9cnica, que o incidente pode ter sido provocado pelo in\u00edcio da chuva na regi\u00e3o em contato com o asfalto novo do trecho, que gera perda de ader\u00eancia dos pneus em suas primeiras utiliza\u00e7\u00f5es. <\/p>\n\n\n\n<p>A empresa destacou tamb\u00e9m que todos os itens de seguran\u00e7a do \u00f4nibus est\u00e3o regulares. Por\u00e9m, de forma preventiva, a operadora direcionou o coletivo \u00e0 garagem, realizando a substitui\u00e7\u00e3o imediata do ve\u00edculo. Inclusive, a Pol\u00edcia Rodovi\u00e1ria Federal esteve no local, verificando todos os itens do \u00f4nibus, liberando o coletivo em seguida.<\/p>\n","protected":false},"excerpt":{"rendered":"<p>O Corpo de Bombeiros foi acionado \u00e0s 06h37, da manh\u00e3 desta quarta-feira (17), para deflagrar<\/p>\n","protected":false},"author":2,"featured_media":75989,"comment_status":"open","ping_status":"open","sticky":false,"template":"","format":"standard","meta":{"footnotes":""},"categories":[12],"tags":[],"class_list":["post-75988","post","type-post","status-publish","format-standard","has-post-thumbnail","hentry","category-cidade"],"_links":{"self":[{"href":"https:\/\/tvc16.com\/portal\/wp-json\/wp\/v2\/posts\/75988","targetHints":{"allow":["GET"]}}],"collection":[{"href":"https:\/\/tvc16.com\/portal\/wp-json\/wp\/v2\/posts"}],"about":[{"href":"https:\/\/tvc16.com\/portal\/wp-json\/wp\/v2\/types\/post"}],"author":[{"embeddable":true,"href":"https:\/\/tvc16.com\/portal\/wp-json\/wp\/v2\/users\/2"}],"replies":[{"embeddable":true,"href":"https:\/\/tvc16.com\/portal\/wp-json\/wp\/v2\/comments?post=75988"}],"version-history":[{"count":3,"href":"https:\/\/tvc16.com\/portal\/wp-json\/wp\/v2\/posts\/75988\/revisions"}],"predecessor-version":[{"id":76084,"href":"https:\/\/tvc16.com\/portal\/wp-json\/wp\/v2\/posts\/75988\/revisions\/76084"}],"wp:featuredmedia":[{"embeddable":true,"href":"https:\/\/tvc16.com\/portal\/wp-json\/wp\/v2\/media\/75989"}],"wp:attachment":[{"href":"https:\/\/tvc16.com\/portal\/wp-json\/wp\/v2\/media?parent=75988"}],"wp:term":[{"taxonomy":"category","embeddable":true,"href":"https:\/\/tvc16.com\/portal\/wp-json\/wp\/v2\/categories?post=75988"},{"taxonomy":"post_tag","embeddable":true,"href":"https:\/\/tvc16.com\/portal\/wp-json\/wp\/v2\/tags?post=75988"}],"curies":[{"name":"wp","href":"https:\/\/api.w.org\/{rel}","templated":true}]}}