{"id":76014,"date":"2024-01-17T10:04:24","date_gmt":"2024-01-17T13:04:24","guid":{"rendered":"https:\/\/tvc16.com\/portal\/?p=76014"},"modified":"2024-01-17T10:04:25","modified_gmt":"2024-01-17T13:04:25","slug":"gastromotiva-produz-mais-de-duas-mil-refeicoes-para-populacao-afetada-pelas-chuvas-no-rio-de-janeiro","status":"publish","type":"post","link":"https:\/\/tvc16.com\/portal\/2024\/01\/17\/gastromotiva-produz-mais-de-duas-mil-refeicoes-para-populacao-afetada-pelas-chuvas-no-rio-de-janeiro\/","title":{"rendered":"Gastromotiva produz mais de duas mil refei\u00e7\u00f5es para popula\u00e7\u00e3o afetada pelas chuvas no Rio de Janeiro\u00a0\u00a0"},"content":{"rendered":"\n<p><em>ONG pautada na Gastronomia Social est\u00e1 realizando a\u00e7\u00e3o em parceira com o Voz das Comunidades, o Veirano Advogados, a Biblioteca A Casa Amarela e a cozinha solid\u00e1ria Sim! Eu Sou do Meio\u00a0<\/em><\/p>\n\n\n\n<p>Com as fortes chuvas que acometeram o Rio de Janeiro no \u00faltimo final de semana, que causaram enormes perdas para parte da popula\u00e7\u00e3o da capital e da Baixada Fluminense, a Gastromotiva, ONG especializada em Gastronomia Social, vai produzir refei\u00e7\u00f5es para as pessoas que est\u00e3o com dificuldades de acesso a alimenta\u00e7\u00e3o, ap\u00f3s a cat\u00e1strofe.<\/p>\n\n\n\n<figure class=\"wp-block-image size-full\"><img loading=\"lazy\" decoding=\"async\" width=\"800\" height=\"533\" src=\"https:\/\/tvc16.com\/portal\/wp-content\/uploads\/2024\/01\/gastromotiva-2.jpg\" alt=\"\" class=\"wp-image-76016\" srcset=\"https:\/\/tvc16.com\/portal\/wp-content\/uploads\/2024\/01\/gastromotiva-2.jpg 800w, https:\/\/tvc16.com\/portal\/wp-content\/uploads\/2024\/01\/gastromotiva-2-300x200.jpg 300w, https:\/\/tvc16.com\/portal\/wp-content\/uploads\/2024\/01\/gastromotiva-2-768x512.jpg 768w\" sizes=\"auto, (max-width: 800px) 100vw, 800px\" \/><\/figure>\n\n\n\n<p>A Gastromotiva vai unir for\u00e7as com a ONG e jornal Voz das Comunidades e com o escrit\u00f3rio Veirano Advogados, nos pr\u00f3ximos 15 dias, a fim de atenuar o sofrimento dos que foram acometidos pelas chuvas.<\/p>\n\n\n\n<p>A Gastromotiva est\u00e1 produzindo duas mil quentinhas, s\u00f3 na primeira semana, em seu Refeit\u00f3rio na Lapa, e em algumas de suas Cozinhas Gastron\u00f4micas Sociais, espalhadas pelo Rio, com o apoio do Veirano Advogados, por meio de seu Programa de Responsabilidade Social na frente ESG. A distribui\u00e7\u00e3o dessas refei\u00e7\u00f5es ser\u00e1 feita pelo Voz das Comunidades e institui\u00e7\u00f5es parceiras nos territ\u00f3rios mais afetados.<\/p>\n\n\n\n<p>Na noite da \u00faltima segunda-feira, dia 15 de janeiro, a Gastromotiva, o Voz das Comunidades e a Biblioteca A Casa Amarela realizaram uma distribui\u00e7\u00e3o de refei\u00e7\u00f5es e mantimentos, em Anchieta.<\/p>\n\n\n\n<figure class=\"wp-block-image size-full\"><img loading=\"lazy\" decoding=\"async\" width=\"800\" height=\"533\" src=\"https:\/\/tvc16.com\/portal\/wp-content\/uploads\/2024\/01\/Gastromotiva-3.jpg\" alt=\"\" class=\"wp-image-76017\" srcset=\"https:\/\/tvc16.com\/portal\/wp-content\/uploads\/2024\/01\/Gastromotiva-3.jpg 800w, https:\/\/tvc16.com\/portal\/wp-content\/uploads\/2024\/01\/Gastromotiva-3-300x200.jpg 300w, https:\/\/tvc16.com\/portal\/wp-content\/uploads\/2024\/01\/Gastromotiva-3-768x512.jpg 768w\" sizes=\"auto, (max-width: 800px) 100vw, 800px\" \/><\/figure>\n\n\n\n<p>\u201cComo todos sabem, a trajet\u00f3ria da Gastromotiva \u00e9 pautada pela Gastronomia Social. Com isso, n\u00e3o pod\u00edamos deixar de atender a popula\u00e7\u00e3o do Rio, que est\u00e1 sofrendo tanto com as consequ\u00eancias dessas chuvas. Vamos produzir duas mil refei\u00e7\u00f5es, nesta semana, e esperamos contar com a ajuda do p\u00fablico e das empresas, para produzirmos ainda mais\u201d, explicou David Hertz, fundador da Gastromotiva.<\/p>\n\n\n\n<p>A cozinha solid\u00e1ria Sim! Eu Sou do Meio tamb\u00e9m est\u00e1 produzindo e distribuindo refei\u00e7\u00f5es, a fim de garantir a seguran\u00e7a alimentar do m\u00e1ximo de pessoas poss\u00edvel, que tiveram perdas por conta das chuvas.<\/p>\n\n\n\n<p>Quem quiser contribuir com a a\u00e7\u00e3o que a Gastromotiva est\u00e1 implementando, pode contribuir com o pix\u00a0<a href=\"https:\/\/s2401.imxsnd36.com\/link.php?code=bDpodHRwcyUzQSUyRiUyRmdhc3Ryb21vdGl2YSU0MGdhc3Ryb21vdGl2YS5vcmc6MzU1NzYyODM2Mzp0dmNjb3JyZWlvZGFtYW5oYUBnbWFpbC5jb206MGM5ODk0OjZh\" target=\"_blank\" rel=\"noreferrer noopener\">gastromotiva\uff20gastromotiva\u0702org<\/a>, onde cada R\uff04 10 equivalem a uma refei\u00e7\u00e3o. As empresas que pretendem se unir a essa soma de esfor\u00e7os podem entrar em contato atrav\u00e9s do e-mail\u00a0<a href=\"https:\/\/s2401.imxsnd36.com\/link.php?code=bDpodHRwcyUzQSUyRiUyRmNhcHRhY2FvJTQwZ2FzdHJvbW90aXZhLm9yZzozNTU3NjI4MzYzOnR2Y2NvcnJlaW9kYW1hbmhhQGdtYWlsLmNvbTo0MjI1NGI6NmE=\" target=\"_blank\" rel=\"noreferrer noopener\">captacao\uff20gastromotiva\u0702org<\/a>.\u00a0\u00a0<\/p>\n","protected":false},"excerpt":{"rendered":"<p>ONG pautada na Gastronomia Social est\u00e1 realizando a\u00e7\u00e3o em parceira com o Voz das Comunidades,<\/p>\n","protected":false},"author":2,"featured_media":76015,"comment_status":"open","ping_status":"open","sticky":false,"template":"","format":"standard","meta":{"footnotes":""},"categories":[17],"tags":[],"class_list":["post-76014","post","type-post","status-publish","format-standard","has-post-thumbnail","hentry","category-outras-noticias"],"_links":{"self":[{"href":"https:\/\/tvc16.com\/portal\/wp-json\/wp\/v2\/posts\/76014","targetHints":{"allow":["GET"]}}],"collection":[{"href":"https:\/\/tvc16.com\/portal\/wp-json\/wp\/v2\/posts"}],"about":[{"href":"https:\/\/tvc16.com\/portal\/wp-json\/wp\/v2\/types\/post"}],"author":[{"embeddable":true,"href":"https:\/\/tvc16.com\/portal\/wp-json\/wp\/v2\/users\/2"}],"replies":[{"embeddable":true,"href":"https:\/\/tvc16.com\/portal\/wp-json\/wp\/v2\/comments?post=76014"}],"version-history":[{"count":1,"href":"https:\/\/tvc16.com\/portal\/wp-json\/wp\/v2\/posts\/76014\/revisions"}],"predecessor-version":[{"id":76018,"href":"https:\/\/tvc16.com\/portal\/wp-json\/wp\/v2\/posts\/76014\/revisions\/76018"}],"wp:featuredmedia":[{"embeddable":true,"href":"https:\/\/tvc16.com\/portal\/wp-json\/wp\/v2\/media\/76015"}],"wp:attachment":[{"href":"https:\/\/tvc16.com\/portal\/wp-json\/wp\/v2\/media?parent=76014"}],"wp:term":[{"taxonomy":"category","embeddable":true,"href":"https:\/\/tvc16.com\/portal\/wp-json\/wp\/v2\/categories?post=76014"},{"taxonomy":"post_tag","embeddable":true,"href":"https:\/\/tvc16.com\/portal\/wp-json\/wp\/v2\/tags?post=76014"}],"curies":[{"name":"wp","href":"https:\/\/api.w.org\/{rel}","templated":true}]}}