{"id":76025,"date":"2024-01-17T10:48:43","date_gmt":"2024-01-17T13:48:43","guid":{"rendered":"https:\/\/tvc16.com\/portal\/?p=76025"},"modified":"2024-01-17T10:48:45","modified_gmt":"2024-01-17T13:48:45","slug":"vendas-no-varejo-variam-01-em-novembro-e-tem-2o-mes-de-estabilidade","status":"publish","type":"post","link":"https:\/\/tvc16.com\/portal\/2024\/01\/17\/vendas-no-varejo-variam-01-em-novembro-e-tem-2o-mes-de-estabilidade\/","title":{"rendered":"Vendas no varejo variam 0,1% em novembro\u00a0e t\u00eam 2\u00ba m\u00eas de estabilidade"},"content":{"rendered":"\n<h4 class=\"wp-block-heading\">Por Ana Cristina Campos &#8211; Rep\u00f3rter da Ag\u00eancia Brasil &#8211; Rio de Janeiro<audio src=\"https:\/\/tts-app.ebc.com.br\/media\/tts\/215764.mp3\"><\/audio><\/h4>\n\n\n\n<p>As vendas no com\u00e9rcio varejista no pa\u00eds variaram 0,1% em novembro do ano passado. Pelo segundo m\u00eas consecutivo, o indicador mostrou estabilidade ante o m\u00eas anterior, pois em outubro a varia\u00e7\u00e3o havia sido de -0,3%. O acumulado do ano chegou a 1,7% e o dos \u00faltimos 12 meses, a 1,5%.<img decoding=\"async\" src=\"https:\/\/agenciabrasil.ebc.com.br\/ebc.png?id=1576691&amp;o=node\"><img decoding=\"async\" src=\"https:\/\/agenciabrasil.ebc.com.br\/ebc.gif?id=1576691&amp;o=node\"><\/p>\n\n\n\n<p>Os dados s\u00e3o da Pesquisa Mensal do Com\u00e9rcio divulgada nesta quarta-feira (17) pelo Instituto Brasileiro de Geografia e Estat\u00edstica (IBGE).<\/p>\n\n\n\n<p>\u201cO com\u00e9rcio tem&nbsp;trajet\u00f3ria de crescimento em 2023, mas sem avan\u00e7os significativos m\u00eas a m\u00eas. O setor apresentou volatilidade muito baixa, com resultados muito pr\u00f3ximos de zero. \u00c0 exce\u00e7\u00e3o de janeiro, no restante do ano ou houve estabilidade ou taxas muito baixas\u201d, analisou, em nota, o gerente da pesquisa, Cristiano Santos.<\/p>\n\n\n\n<p>Das oito atividades pesquisadas, seis tiveram resultados positivos em novembro. Os principais impactos sobre o \u00edndice geral vieram de equipamentos e material para escrit\u00f3rio, inform\u00e1tica e comunica\u00e7\u00e3o (18,6%), m\u00f3veis e eletrodom\u00e9sticos (4,5%) e tecidos, vestu\u00e1rio e cal\u00e7ados (3%).<\/p>\n\n\n\n<p>Para o gerente da pesquisa, um dos fatores que explicam o resultado \u00e9 a Black Friday, que acontece no fim de novembro, e, em 2023, ajudou a garantir a estabilidade das vendas. Ele explica que quatro atividades s\u00e3o influenciadas pela Black Friday: tecidos, vestu\u00e1rio e cal\u00e7ados; m\u00f3veis e eletrodom\u00e9sticos; equipamentos e material para escrit\u00f3rio, inform\u00e1tica e comunica\u00e7\u00e3o; e outros artigos de uso pessoal e dom\u00e9sticos.<\/p>\n\n\n\n<p>\u201cA atividade que mais cresceu foi a de equipamentos e material para escrit\u00f3rio, inform\u00e1tica e comunica\u00e7\u00e3o, que avan\u00e7ou 18,6%, seguida por m\u00f3veis e eletrodom\u00e9sticos (4,5%). Al\u00e9m da Black Friday, o fator&nbsp;que mais contribuiu para o desempenho de equipamentos e material para escrit\u00f3rio, inform\u00e1tica e comunica\u00e7\u00e3o foi a deprecia\u00e7\u00e3o do d\u00f3lar, que recuou 2,5% em novembro, ajudando as vendas dos produtos de inform\u00e1tica\u201d, explicou Santos.<\/p>\n\n\n\n<p>As demais atividades no campo positivo foram combust\u00edveis e lubrificantes (1%), outros artigos de uso pessoal e dom\u00e9stico (1,0%) e hiper, supermercados, produtos aliment\u00edcios, bebidas e fumo (0,1%).<\/p>\n\n\n\n<p>\u201cA influ\u00eancia de hiper e supermercados \u00e9 muito grande, com peso de 50% no indicador. N\u00e3o tivemos crescimento nessa atividade nos \u00faltimos dois meses, embora o resultado no ano (3,5%) seja positivo. Com o aumento no rendimento real e na ocupa\u00e7\u00e3o, algumas pessoas podem estar direcionando seu dinheiro para o pagamento de d\u00edvidas e evitando o consumo\u201d, completou o gerente da pesquisa.<\/p>\n\n\n\n<p>As \u00fanicas atividades em queda foram livros, jornais, revistas e papelaria (-1,5%) e artigos farmac\u00eauticos, m\u00e9dicos, ortop\u00e9dicos e de perfumaria (-1,6%).<\/p>\n\n\n\n<p>\u201cArtigos farmac\u00eauticos, m\u00e9dicos, ortop\u00e9dicos e de perfumaria tamb\u00e9m tiveram&nbsp;um ano forte com apenas duas quedas, em janeiro (- 0,9%) e novembro (-1,6%). Houve o&nbsp;\u00edndice de -0,3% em junho, mas representou estabilidade. A atividade acumula alta de 4,3% no ano. Os itens de perfumaria foram os maiores respons\u00e1veis&nbsp;pela queda de janeiro e novembro\u201d, disse Santos.<\/p>\n\n\n\n<p>Edi\u00e7\u00e3o: Gra\u00e7a Adjuto<\/p>\n","protected":false},"excerpt":{"rendered":"<p>Por Ana Cristina Campos &#8211; Rep\u00f3rter da Ag\u00eancia Brasil &#8211; Rio de Janeiro As vendas<\/p>\n","protected":false},"author":2,"featured_media":76026,"comment_status":"open","ping_status":"open","sticky":false,"template":"","format":"standard","meta":{"footnotes":""},"categories":[17],"tags":[],"class_list":["post-76025","post","type-post","status-publish","format-standard","has-post-thumbnail","hentry","category-outras-noticias"],"_links":{"self":[{"href":"https:\/\/tvc16.com\/portal\/wp-json\/wp\/v2\/posts\/76025","targetHints":{"allow":["GET"]}}],"collection":[{"href":"https:\/\/tvc16.com\/portal\/wp-json\/wp\/v2\/posts"}],"about":[{"href":"https:\/\/tvc16.com\/portal\/wp-json\/wp\/v2\/types\/post"}],"author":[{"embeddable":true,"href":"https:\/\/tvc16.com\/portal\/wp-json\/wp\/v2\/users\/2"}],"replies":[{"embeddable":true,"href":"https:\/\/tvc16.com\/portal\/wp-json\/wp\/v2\/comments?post=76025"}],"version-history":[{"count":1,"href":"https:\/\/tvc16.com\/portal\/wp-json\/wp\/v2\/posts\/76025\/revisions"}],"predecessor-version":[{"id":76027,"href":"https:\/\/tvc16.com\/portal\/wp-json\/wp\/v2\/posts\/76025\/revisions\/76027"}],"wp:featuredmedia":[{"embeddable":true,"href":"https:\/\/tvc16.com\/portal\/wp-json\/wp\/v2\/media\/76026"}],"wp:attachment":[{"href":"https:\/\/tvc16.com\/portal\/wp-json\/wp\/v2\/media?parent=76025"}],"wp:term":[{"taxonomy":"category","embeddable":true,"href":"https:\/\/tvc16.com\/portal\/wp-json\/wp\/v2\/categories?post=76025"},{"taxonomy":"post_tag","embeddable":true,"href":"https:\/\/tvc16.com\/portal\/wp-json\/wp\/v2\/tags?post=76025"}],"curies":[{"name":"wp","href":"https:\/\/api.w.org\/{rel}","templated":true}]}}