{"id":7603,"date":"2020-12-06T12:00:29","date_gmt":"2020-12-06T15:00:29","guid":{"rendered":"https:\/\/tvc16.com\/portal\/?p=7603"},"modified":"2020-12-06T12:00:31","modified_gmt":"2020-12-06T15:00:31","slug":"mais-de-15-mil-medicos-participam-do-revalida-hoje","status":"publish","type":"post","link":"https:\/\/tvc16.com\/portal\/2020\/12\/06\/mais-de-15-mil-medicos-participam-do-revalida-hoje\/","title":{"rendered":"Mais de 15 mil m\u00e9dicos participam do Revalida hoje"},"content":{"rendered":"\n<h3 class=\"wp-block-heading\">A prova \u00e9 realizada em 13 capitais<\/h3>\n\n\n\n<p>Neste domingo (6),&nbsp;15.498 m\u00e9dicos formados fora do Brasil realizam&nbsp;a primeira etapa do Exame&nbsp;Nacional de Revalida\u00e7\u00e3o de Diplomas M\u00e9dicos Expedidos por Institui\u00e7\u00e3o de Educa\u00e7\u00e3o Superior Estrangeira (Revalida) 2020.&nbsp;<img decoding=\"async\" src=\"https:\/\/agenciabrasil.ebc.com.br\/ebc.png?id=1395656&amp;o=node\"><img decoding=\"async\" src=\"https:\/\/agenciabrasil.ebc.com.br\/ebc.gif?id=1395656&amp;o=node\"><\/p>\n\n\n\n<p>O&nbsp;Revalida&nbsp;tem o objetivo de&nbsp;aferir&nbsp;a aquisi\u00e7\u00e3o de conhecimentos, habilidades e compet\u00eancias requeridos para o exerc\u00edcio profissional, adequados aos princ\u00edpios e necessidades do Sistema \u00danico de Sa\u00fade (SUS), em n\u00edvel equivalente ao exigido dos m\u00e9dicos formados no pa\u00eds. A revalida\u00e7\u00e3o do diploma \u00e9 responsabilidade das universidades p\u00fablicas que aderirem ao&nbsp;Revalida.<\/p>\n\n\n\n<p>As provas s\u00e3o&nbsp;aplicadas&nbsp;em 13 capitais: Bel\u00e9m (PA), Belo Horizonte (MG), Bras\u00edlia (DF), Campo Grande (MS), Curitiba (PR), Fortaleza (CE), Manaus (AM), Porto Alegre (RS), Recife (PE), Rio Branco (AC), Rio&nbsp;de Janeiro&nbsp;(RJ), Salvador (BA) e S\u00e3o Paulo (SP).<\/p>\n\n\n\n<p>A divulga\u00e7\u00e3o do gabarito da primeira fase do Revalida 2020 sair\u00e1 no dia 8 de dezembro.&nbsp;<\/p>\n\n\n\n<h2 class=\"wp-block-heading\">Segunda&nbsp;etapa<\/h2>\n\n\n\n<p>Somente os aprovados na primeira etapa poder\u00e3o participar da\u00a0segunda\u00a0etapa. Uma novidade desta edi\u00e7\u00e3o \u00e9 que\u00a0se o m\u00e9dico formado no exterior for reprovado na\u00a0segunda\u00a0etapa, poder\u00e1 se reinscrever diretamente nessa fase, nas duas edi\u00e7\u00f5es consecutivas.\u00a0Em edi\u00e7\u00f5es anteriores, era necess\u00e1rio fazer todo o processo desde o in\u00edcio. Cronograma, diretrizes e procedimentos da\u00a0segunda\u00a0etapa ser\u00e3o publicados\u00a0posteriormente, em edital pr\u00f3prio.<\/p>\n\n\n\n<p>Por Ag\u00eancia Brasil &#8211; Bras\u00edlia<\/p>\n\n\n\n<p>Edi\u00e7\u00e3o: Liliane Farias<\/p>\n","protected":false},"excerpt":{"rendered":"<p>A prova \u00e9 realizada em 13 capitais Neste domingo (6),&nbsp;15.498 m\u00e9dicos formados fora do Brasil<\/p>\n","protected":false},"author":2,"featured_media":7604,"comment_status":"open","ping_status":"open","sticky":false,"template":"","format":"standard","meta":{"footnotes":""},"categories":[13],"tags":[],"class_list":["post-7603","post","type-post","status-publish","format-standard","has-post-thumbnail","hentry","category-saude"],"_links":{"self":[{"href":"https:\/\/tvc16.com\/portal\/wp-json\/wp\/v2\/posts\/7603","targetHints":{"allow":["GET"]}}],"collection":[{"href":"https:\/\/tvc16.com\/portal\/wp-json\/wp\/v2\/posts"}],"about":[{"href":"https:\/\/tvc16.com\/portal\/wp-json\/wp\/v2\/types\/post"}],"author":[{"embeddable":true,"href":"https:\/\/tvc16.com\/portal\/wp-json\/wp\/v2\/users\/2"}],"replies":[{"embeddable":true,"href":"https:\/\/tvc16.com\/portal\/wp-json\/wp\/v2\/comments?post=7603"}],"version-history":[{"count":1,"href":"https:\/\/tvc16.com\/portal\/wp-json\/wp\/v2\/posts\/7603\/revisions"}],"predecessor-version":[{"id":7605,"href":"https:\/\/tvc16.com\/portal\/wp-json\/wp\/v2\/posts\/7603\/revisions\/7605"}],"wp:featuredmedia":[{"embeddable":true,"href":"https:\/\/tvc16.com\/portal\/wp-json\/wp\/v2\/media\/7604"}],"wp:attachment":[{"href":"https:\/\/tvc16.com\/portal\/wp-json\/wp\/v2\/media?parent=7603"}],"wp:term":[{"taxonomy":"category","embeddable":true,"href":"https:\/\/tvc16.com\/portal\/wp-json\/wp\/v2\/categories?post=7603"},{"taxonomy":"post_tag","embeddable":true,"href":"https:\/\/tvc16.com\/portal\/wp-json\/wp\/v2\/tags?post=7603"}],"curies":[{"name":"wp","href":"https:\/\/api.w.org\/{rel}","templated":true}]}}