{"id":7606,"date":"2020-12-06T12:03:34","date_gmt":"2020-12-06T15:03:34","guid":{"rendered":"https:\/\/tvc16.com\/portal\/?p=7606"},"modified":"2020-12-06T12:03:36","modified_gmt":"2020-12-06T15:03:36","slug":"mais-de-20-das-criancas-estudam-em-escolas-sem-saneamento-basico","status":"publish","type":"post","link":"https:\/\/tvc16.com\/portal\/2020\/12\/06\/mais-de-20-das-criancas-estudam-em-escolas-sem-saneamento-basico\/","title":{"rendered":"Mais de 20% das crian\u00e7as estudam em escolas sem saneamento b\u00e1sico"},"content":{"rendered":"\n<p>Estudo do Observa aponta que pior situa\u00e7\u00e3o \u00e9 vivenciada na regi\u00e3o Norte, onde mais de 70% dos estudantes carecem do servi\u00e7o<\/p>\n\n\n\n<p>Mais de 20% das crian\u00e7as matriculadas em creches ou em pr\u00e9-escolas do Brasil estudam em institui\u00e7\u00f5es de ensino sem saneamento b\u00e1sico. O pior cen\u00e1rio \u00e9 o vivenciado por alunos que est\u00e3o na pr\u00e9-escola, os quais 28% carecem do servi\u00e7o. J\u00e1 nas creches, 21% das crian\u00e7as n\u00e3o contam com saneamento. Os dados fazem parte de um estudo elaborado pelo Observat\u00f3rio do Marco Legal da Primeira Inf\u00e2ncia (Observa).<\/p>\n\n\n\n<p>O relat\u00f3rio do Observa tamb\u00e9m ressalta para as desigualdades sociais fora das salas de aula. Citando uma pesquisa do IBGE do ano passado, o documento aponta que 22% das crian\u00e7as brasileiras de 0 a 5 anos viviam em situa\u00e7\u00e3o de extrema pobreza, o que significa que elas moravam em domic\u00edlios com renda familiar per capita de at\u00e9 \u00bc de sal\u00e1rio m\u00ednimo.&nbsp;<\/p>\n\n\n\n<p>Miriam Pragita, coordenadora da Secretaria Executiva da Rede Nacional Primeira Inf\u00e2ncia (RNPI) e diretora da Comunica\u00e7\u00e3o e Direitos (Andi), diz que \u00e9 dever do Estado oferecer uma boa qualidade de vida aos pequenos. Ela afirma que a ra\u00e7a \u00e9 um fator de exclus\u00e3o social de grande peso no pa\u00eds. \u201cUma crian\u00e7a negra que mora em uma regi\u00e3o perif\u00e9rica, com um alto \u00edndice de vulnerabilidade social, vivencia uma realidade completamente diferente de uma crian\u00e7a branca que habita em uma \u00e1rea mais privilegiada\u201d, explica.&nbsp;<\/p>\n\n\n\n<p>Segundo a pesquisa do Observa, o acesso ao saneamento por alunos de pr\u00e9-escolas e creches em cada uma das regi\u00f5es brasileiras \u00e9 desigual. Enquanto na regi\u00e3o Sudeste, a falta do servi\u00e7o atinge 6% das matr\u00edculas em pr\u00e9-escolas e 5% alunos de creches, na regi\u00e3o Norte os mesmos \u00edndices chegam a 75% e 71%, respectivamente.&nbsp;<\/p>\n\n\n\n<p>Especialistas em Sa\u00fade afirmam que a falta de saneamento pode ocasionar em doen\u00e7as como c\u00f3lera, hepatite A, leptospirose, entre outras.<\/p>\n\n\n\n<figure class=\"wp-block-image\"><img decoding=\"async\" src=\"\/\/s3-sa-east-1.amazonaws.com\/agencia-radio-arb\/3269\/content_escolas-saneamento.png\" alt=\"\"\/><\/figure>\n\n\n\n<p>L\u00eddia Rangel, diretora de uma creche comunit\u00e1ria localizada no munic\u00edpio de Mesquita no Rio de Janeiro, afirma que a institui\u00e7\u00e3o vem sofrendo com a falta de abastecimento de \u00e1gua h\u00e1 um ano. Para n\u00e3o penalizar os pequenos que, segundo ela, j\u00e1 carecem de infraestrutura em seus domic\u00edlios, a equipe da institui\u00e7\u00e3o tem comprado \u00e1gua com recursos pr\u00f3prios.&nbsp;<\/p>\n\n\n\n<p>\u201cN\u00f3s achamos que as crian\u00e7as n\u00e3o podem sofrer mais do que j\u00e1 sofrem em casa. Ent\u00e3o, compramos \u00e1gua para fazer comida. J\u00e1 chegamos a comprar \u00e1gua de caminh\u00e3o pipa. Mas, devido a quantidade de crian\u00e7as, a \u00e1gua acaba r\u00e1pido\u201d, diz.&nbsp;<\/p>\n\n\n\n<p>Solidade Menezes, secret\u00e1ria executiva da Rede Primeira Inf\u00e2ncia de Pernambuco, conta que a falta de saneamento atinge mais cidades afastadas dos grandes centros urbanos, o que se reflete em institui\u00e7\u00f5es de ensino. No entanto, de acordo com ela, bairros perif\u00e9ricos de grandes munic\u00edpios tamb\u00e9m carecem de boa infraestrutura.&nbsp;<\/p>\n\n\n\n<p>\u201cAs grandes cidades de Pernambuco contam com um saneamento de forma majorit\u00e1ria. Por\u00e9m, os bairros perif\u00e9ricos ainda t\u00eam uma defici\u00eancia muito grande do servi\u00e7o.\u201d<\/p>\n\n\n\n<p><strong><a href=\"https:\/\/brasil61.com\/noticias\/cartilha-alerta-para-importancia-do-saneamento-basico-nas-eleicoes-2020-bras202439\" target=\"_blank\" rel=\"noreferrer noopener\">Cartilha alerta para import\u00e2ncia do saneamento b\u00e1sico nas Elei\u00e7\u00f5es 2020<\/a><\/strong><\/p>\n\n\n\n<p><strong><a href=\"https:\/\/brasil61.com\/noticias\/gestores-precisam-formular-planos-municipais-de-saneamento-basico-bras202798\" target=\"_blank\" rel=\"noreferrer noopener\">Gestores precisam formular Planos Municipais de Saneamento B\u00e1sico<\/a><\/strong><\/p>\n\n\n\n<p>O relat\u00f3rio do Observa alerta tamb\u00e9m que a pandemia da Covid-19 fez com que se aumentasse a procura por creches improvisadas que, geralmente, s\u00e3o destinadas a alunos de baixa renda que os pais precisam trabalhar. De acordo com o documento, \u201cos espa\u00e7os irregulares, muitas vezes sem contar com controle de higiene e fiscaliza\u00e7\u00e3o, podem inclusive elevar as chances de propaga\u00e7\u00e3o do v\u00edrus.\u201d<\/p>\n\n\n\n<p>Fonte: <a href=\"https:\/\/brasil61.com\/noticias\/mais-de-20-das-criancas-estudam-em-escolas-sem-saneamento-basico-bras202858?email=bethdeoliveira@yahoo.com.br&amp;utm_source=newsletter&amp;utm_medium=newsletter&amp;utm_campaign=newsletter\" target=\"_blank\" rel=\"noreferrer noopener\">Brasil 61<\/a><\/p>\n","protected":false},"excerpt":{"rendered":"<p>Estudo do Observa aponta que pior situa\u00e7\u00e3o \u00e9 vivenciada na regi\u00e3o Norte, onde mais de<\/p>\n","protected":false},"author":2,"featured_media":7607,"comment_status":"open","ping_status":"open","sticky":false,"template":"","format":"standard","meta":{"footnotes":""},"categories":[19],"tags":[],"class_list":["post-7606","post","type-post","status-publish","format-standard","has-post-thumbnail","hentry","category-educacao"],"_links":{"self":[{"href":"https:\/\/tvc16.com\/portal\/wp-json\/wp\/v2\/posts\/7606","targetHints":{"allow":["GET"]}}],"collection":[{"href":"https:\/\/tvc16.com\/portal\/wp-json\/wp\/v2\/posts"}],"about":[{"href":"https:\/\/tvc16.com\/portal\/wp-json\/wp\/v2\/types\/post"}],"author":[{"embeddable":true,"href":"https:\/\/tvc16.com\/portal\/wp-json\/wp\/v2\/users\/2"}],"replies":[{"embeddable":true,"href":"https:\/\/tvc16.com\/portal\/wp-json\/wp\/v2\/comments?post=7606"}],"version-history":[{"count":1,"href":"https:\/\/tvc16.com\/portal\/wp-json\/wp\/v2\/posts\/7606\/revisions"}],"predecessor-version":[{"id":7608,"href":"https:\/\/tvc16.com\/portal\/wp-json\/wp\/v2\/posts\/7606\/revisions\/7608"}],"wp:featuredmedia":[{"embeddable":true,"href":"https:\/\/tvc16.com\/portal\/wp-json\/wp\/v2\/media\/7607"}],"wp:attachment":[{"href":"https:\/\/tvc16.com\/portal\/wp-json\/wp\/v2\/media?parent=7606"}],"wp:term":[{"taxonomy":"category","embeddable":true,"href":"https:\/\/tvc16.com\/portal\/wp-json\/wp\/v2\/categories?post=7606"},{"taxonomy":"post_tag","embeddable":true,"href":"https:\/\/tvc16.com\/portal\/wp-json\/wp\/v2\/tags?post=7606"}],"curies":[{"name":"wp","href":"https:\/\/api.w.org\/{rel}","templated":true}]}}