{"id":76060,"date":"2024-01-18T07:10:05","date_gmt":"2024-01-18T10:10:05","guid":{"rendered":"https:\/\/tvc16.com\/portal\/?p=76060"},"modified":"2024-01-18T08:13:12","modified_gmt":"2024-01-18T11:13:12","slug":"justica-determina-que-cptrans-faca-fiscalizacao-de-toda-a-frota","status":"publish","type":"post","link":"https:\/\/tvc16.com\/portal\/2024\/01\/18\/justica-determina-que-cptrans-faca-fiscalizacao-de-toda-a-frota\/","title":{"rendered":"Justi\u00e7a determina que CPTrans fa\u00e7a fiscaliza\u00e7\u00e3o de toda a frota"},"content":{"rendered":"\n<p><em>Por Wellington Daniel e Gabriel Rattes<\/em><\/p>\n\n\n\n<p>O juiz da 4\u00aa Vara C\u00edvel de Petr\u00f3polis, Jorge Martins, determinou que a Companhia Petropolitana de  Tr\u00e2nsito e Transportes (CPTrans) apresente um novo relat\u00f3rio de vistoria dos coletivos das empresas Petro Ita e Cascatinha. A determina\u00e7\u00e3o deveria ser cumprida at\u00e9 esta \u00faltima ter\u00e7a-feira (16). A CPTrans disse<br>que j\u00e1 executou a ordem judicial, mas n\u00e3o informou os resultados. No entanto, a problem\u00e1tica dos<br>\u00f4nibus no munic\u00edpio n\u00e3o se limita apenas a essas duas empresas, nesta quarta-feira (17), \u00f4nibus da<br>Cidade das Hort\u00eansias e Cidade Real causaram transtornos.<\/p>\n\n\n\n<p>Na decis\u00e3o, o Juiz justifica a determina\u00e7\u00e3o. \u201c(\u2026) a retomada da vida comum com o crescimento f\u00edsico da bilhetagem e, relevant\u00edssimo, a aproxima\u00e7\u00e3o do retorno \u00e0s aulas, est\u00e3o a exigir a imposi\u00e7\u00e3o de medidas de significativo vi\u00e9s protetivo aos usu\u00e1rios e \u00e0queles que est\u00e3o no entorno dos itiner\u00e1rios, neste caso, resid\u00eancias, e tamb\u00e9m servi\u00e7os essenciais, entre eles, a rede de transmiss\u00e3o de energia (\u2026)\u201d, afirmou o juiz Jorge Martins.<\/p>\n\n\n\n<p><strong>Coletivos aprovados com prazo de uso excedido <\/strong><\/p>\n\n\n\n<p>Anteriormente, ap\u00f3s uma audi\u00eancia no ano passado, o juiz j\u00e1 havia determinado a vistoria em 60% da frota das empresas, que foi realizada em dezembro. O foco seriam todos os ve\u00edculos reprovados em agosto e que continuavam em opera\u00e7\u00e3o no munic\u00edpio. A determina\u00e7\u00e3o foi feita ap\u00f3s o Minist\u00e9rio P\u00fablico do Rio de Janeiro (MPRJ) apontar 54 ve\u00edculos das empresas, reprovados em vistoria pela CPTrans, em circula\u00e7\u00e3o.<\/p>\n\n\n\n<p>O Correio Petropolitano teve acesso, via Lei de Acesso \u00e0 Informa\u00e7\u00e3o, \u00e0 planilha com os resultados da vistoria de dezembro. \u00c0 \u00e9poca, a CPTrans aprovou 49 dos 65 \u00f4nibus fiscalizados, sem nenhuma restri\u00e7\u00e3o.<br>Desses aprovados, 23 estavam com o prazo de uso vencido, at\u00e9 mesmo com 13 anos de uso. Segundo Resolu\u00e7\u00e3o da pr\u00f3pria CPTrans, o prazo de uso previsto \u00e9 de no m\u00e1ximo 11 anos.<\/p>\n\n\n\n<p><strong>Problem\u00e1tica dos \u00f4nibus n\u00e3o se limita \u00e0s duas empresas<\/strong><\/p>\n\n\n\n<p>Os problemas com \u00f4nibus n\u00e3o se limitam \u00e0 Petro Ita e \u00e0 Cascatinha. Na manh\u00e3 desta quarta-feira (17), um \u00f4nibus da via\u00e7\u00e3o Cidade das Hort\u00eansias pegou fogo no Centro de Petr\u00f3polis. O coletivo foi<br>fabricado em 2010, ou seja, tamb\u00e9m est\u00e1 com o prazo de uso excedente. <\/p>\n\n\n\n<p>Por nota, a Cidade das Hort\u00eansias informou que ningu\u00e9m ficou ferido e, assim que foi identificado o princ\u00edpio de inc\u00eandio, todas as medidas de seguran\u00e7a foram adotadas, a come\u00e7ar pelo desembarque<br>dos passageiros e profissionais e acionamento do Corpo de Bombeiros.<\/p>\n\n\n\n<p>\u201cO fogo, que come\u00e7ou na parte da frente do ve\u00edculo que operava a linha 306\/323 &#8211; Bairro Esperan\u00e7a (via Ponte de Ferro), rapidamente se alastrou, n\u00e3o sendo poss\u00edvel controlar, mesmo com a utiliza\u00e7\u00e3o de extintores extras. A empresa est\u00e1 adotando uma investiga\u00e7\u00e3o rigorosa e minuciosa, para descobrir o que pode ter acontecido. A Cidade das Hort\u00eansias, inclusive, investe massivamente em altos padr\u00f5es de manuten\u00e7\u00e3o dos \u00f4nibus\u201d, afirmou a via\u00e7\u00e3o. \u201cPor fim, a empresa destaca que todo e qualquer dano<br>material ser\u00e1 que devidamente tratado\u201d, completou<\/p>\n\n\n\n<p>Quanto \u00e0 irregularidade do prazo excedente, nem a Cidade das Hort\u00eansias, nem a CPTrans, responderam at\u00e9 o fechamento desta edi\u00e7\u00e3o. Tamb\u00e9m na tarde desta quarta-feira (17), um \u00f4nibus da Cidade Real (linha 160), colidiu em um objeto fixo na estrada BR-040. Segundo a Concer, n\u00e3o houve v\u00edtimas. A empresa de \u00f4nibus e a CPTrans tamb\u00e9m n\u00e3o se manifestaram.<\/p>\n","protected":false},"excerpt":{"rendered":"<p>Por Wellington Daniel e Gabriel Rattes O juiz da 4\u00aa Vara C\u00edvel de Petr\u00f3polis, Jorge<\/p>\n","protected":false},"author":2,"featured_media":75995,"comment_status":"open","ping_status":"open","sticky":false,"template":"","format":"standard","meta":{"footnotes":""},"categories":[12],"tags":[],"class_list":["post-76060","post","type-post","status-publish","format-standard","has-post-thumbnail","hentry","category-cidade"],"_links":{"self":[{"href":"https:\/\/tvc16.com\/portal\/wp-json\/wp\/v2\/posts\/76060","targetHints":{"allow":["GET"]}}],"collection":[{"href":"https:\/\/tvc16.com\/portal\/wp-json\/wp\/v2\/posts"}],"about":[{"href":"https:\/\/tvc16.com\/portal\/wp-json\/wp\/v2\/types\/post"}],"author":[{"embeddable":true,"href":"https:\/\/tvc16.com\/portal\/wp-json\/wp\/v2\/users\/2"}],"replies":[{"embeddable":true,"href":"https:\/\/tvc16.com\/portal\/wp-json\/wp\/v2\/comments?post=76060"}],"version-history":[{"count":3,"href":"https:\/\/tvc16.com\/portal\/wp-json\/wp\/v2\/posts\/76060\/revisions"}],"predecessor-version":[{"id":76064,"href":"https:\/\/tvc16.com\/portal\/wp-json\/wp\/v2\/posts\/76060\/revisions\/76064"}],"wp:featuredmedia":[{"embeddable":true,"href":"https:\/\/tvc16.com\/portal\/wp-json\/wp\/v2\/media\/75995"}],"wp:attachment":[{"href":"https:\/\/tvc16.com\/portal\/wp-json\/wp\/v2\/media?parent=76060"}],"wp:term":[{"taxonomy":"category","embeddable":true,"href":"https:\/\/tvc16.com\/portal\/wp-json\/wp\/v2\/categories?post=76060"},{"taxonomy":"post_tag","embeddable":true,"href":"https:\/\/tvc16.com\/portal\/wp-json\/wp\/v2\/tags?post=76060"}],"curies":[{"name":"wp","href":"https:\/\/api.w.org\/{rel}","templated":true}]}}