{"id":76097,"date":"2024-01-18T14:10:39","date_gmt":"2024-01-18T17:10:39","guid":{"rendered":"https:\/\/tvc16.com\/portal\/?p=76097"},"modified":"2024-01-18T14:10:40","modified_gmt":"2024-01-18T17:10:40","slug":"economia-solidaria-e-ferramenta-na-inclusao-da-populacao-de-rua","status":"publish","type":"post","link":"https:\/\/tvc16.com\/portal\/2024\/01\/18\/economia-solidaria-e-ferramenta-na-inclusao-da-populacao-de-rua\/","title":{"rendered":"Economia solid\u00e1ria \u00e9 ferramenta na inclus\u00e3o da popula\u00e7\u00e3o de rua"},"content":{"rendered":"\n<h3 class=\"wp-block-heading\">Estrat\u00e9gia faz parte do Plano Ruas Vis\u00edveis, lan\u00e7ado em dezembro<\/h3>\n\n\n\n<h4 class=\"wp-block-heading\">Por Fab\u00edola Siminb\u00fa &#8211; Rep\u00f3rter da Ag\u00eancia Brasil &#8211; Bras\u00edlia<audio src=\"https:\/\/tts-app.ebc.com.br\/media\/tts\/215832.mp3\"><\/audio><\/h4>\n\n\n\n<p>A lei que cria a&nbsp;<a href=\"https:\/\/www.in.gov.br\/web\/dou\/-\/lei-n-14.821-de-16-de-janeiro-de-2024-538058949\" target=\"_blank\" rel=\"noreferrer noopener\">Pol\u00edtica Nacional de Trabalho Digno e Cidadania para a Popula\u00e7\u00e3o em Situa\u00e7\u00e3o de Rua (PNTC PopRua)<\/a>, sancionada pelo presidente Luiz In\u00e1cio Lula da Silva na ter\u00e7a-feira (16), tem a economia solid\u00e1ria como um dos tr\u00eas eixos estrat\u00e9gicos que estruturam as a\u00e7\u00f5es para renda, qualifica\u00e7\u00e3o profissional e eleva\u00e7\u00e3o da escolaridade dessas pessoas em vulnerabilidade social. A estrat\u00e9gia faz parte do&nbsp;<a href=\"https:\/\/agenciabrasil.ebc.com.br\/politica\/noticia\/2023-12\/governo-destina-r-1-bilhao-para-acoes-populacao-em-situacao-de-rua\" target=\"_blank\" rel=\"noreferrer noopener\">Plano Ruas Vis\u00edveis<\/a>, anunciado em dezembro de 2023, pelo governo federal.<img decoding=\"async\" src=\"https:\/\/agenciabrasil.ebc.com.br\/ebc.png?id=1576833&amp;o=node\"><img decoding=\"async\" src=\"https:\/\/agenciabrasil.ebc.com.br\/ebc.gif?id=1576833&amp;o=node\"><\/p>\n\n\n\n<p>Baseada no princ\u00edpio de cooperativismo, gest\u00e3o democr\u00e1tica e distribui\u00e7\u00e3o igualit\u00e1ria, a economia solid\u00e1ria surge como uma ferramenta para as a\u00e7\u00f5es do governo, a ser incentivada por meio de uma maior acesso ao microcr\u00e9dito. E junto com a qualifica\u00e7\u00e3o profissional e a eleva\u00e7\u00e3o da escolaridade, estrutura o programa de incentivo a gera\u00e7\u00e3o de emprego para pessoas em situa\u00e7\u00e3o de rua.<\/p>\n\n\n\n<p>Tamb\u00e9m s\u00e3o previstos mecanismos para a cria\u00e7\u00e3o de incentivos \u00e0 contrata\u00e7\u00e3o dessa popula\u00e7\u00e3o, tudo com investimentos previstos de R$ 1,2 milh\u00e3o, por parte da Uni\u00e3o, do total de R$ 575,7 milh\u00f5es previstos para o Plano Ruas Vis\u00edveis.<\/p>\n\n\n\n<p>A ades\u00e3o de estados, Distrito Federal e munic\u00edpios \u00e9 apontada, ainda, como o caminho a ser alcan\u00e7ado para a estrutura\u00e7\u00e3o de uma rede que estabele\u00e7a a pol\u00edtica p\u00fablica em todo o pa\u00eds, por meio dos centros de Apoio ao Trabalhador em Situa\u00e7\u00e3o de Rua (CatRua), onde dever\u00e3o ser articuladas as iniciativas de economia solid\u00e1ria, qualifica\u00e7\u00e3o profissional e qualquer a\u00e7\u00e3o que gere empregabilidade.<\/p>\n\n\n\n<p>Os espa\u00e7os tamb\u00e9m ser\u00e3o respons\u00e1veis por cadastrar e orientar a popula\u00e7\u00e3o de rua desempregada, promover o encaminhamento ao Sistema Nacional de Emprego (Sine), facilitar a emiss\u00e3o de documentos pessoais, al\u00e9m de dar acesso \u00e0 qualifica\u00e7\u00e3o profissional, por meio de pol\u00edticas como o Programa Nacional de Acesso ao Ensino T\u00e9cnico e Emprego (Pronatec).<\/p>\n\n\n\n<h2 class=\"wp-block-heading\">Bolsas<\/h2>\n\n\n\n<p>Associadas \u00e0s atividades de qualifica\u00e7\u00e3o, capacita\u00e7\u00e3o, forma\u00e7\u00e3o profissional e de eleva\u00e7\u00e3o da escolaridade, tamb\u00e9m ser\u00e3o criadas Bolsas de Qualifica\u00e7\u00e3o para o Trabalho e Ensino da Popula\u00e7\u00e3o em Situa\u00e7\u00e3o de Rua (Bolsas QualisRua) para garantir a perman\u00eancia dessa popula\u00e7\u00e3o nos ambientes de aprendizado.<\/p>\n\n\n\n<p>Todos os entes federados que aderirem \u00e0 pol\u00edtica p\u00fablica tamb\u00e9m dever\u00e3o promover a inclus\u00e3o produtiva por meio da aquisi\u00e7\u00e3o de produtos e servi\u00e7os ofertados por iniciativas de economia solid\u00e1ria da popula\u00e7\u00e3o em situa\u00e7\u00e3o de rua, al\u00e9m de facilitarem os acessos aos instrumentos de fomento, linhas de microcr\u00e9dito, meios de produ\u00e7\u00e3o e mercados.<\/p>\n\n\n\n<h2 class=\"wp-block-heading\">Perfil<\/h2>\n\n\n\n<p>Em julho de 2023, o Minist\u00e9rio dos Direitos Humanos e da Cidadania realizou um perfil das pessoas em situa\u00e7\u00e3o de rua a partir de dados do Cadastro \u00danico (Cad\u00danico) e do Censo Demogr\u00e1fico 2022 do IBGE. A pesquisa evidenciou a necessidade de a\u00e7\u00f5es que gerem acesso amplo, seguro e simplificado ao trabalho e \u00e0 renda para essa popula\u00e7\u00e3o.<\/p>\n\n\n\n<p>Das 221.113 pessoas registradas, que se declaram em situa\u00e7\u00e3o de rua, 38% apontaram o desemprego como a principal causa por estarem nessas condi\u00e7\u00f5es, embora 68% tenham declarado j\u00e1 ter trabalhado com carteira assinada.<\/p>\n\n\n\n<p>Ou\u00e7a na&nbsp;<a href=\"https:\/\/agenciabrasil.ebc.com.br\/radioagencia-nacional\" target=\"_blank\" rel=\"noreferrer noopener\">Radioag\u00eancia Nacional<\/a>:<\/p>\n\n\n\n<p>Audio Player<\/p>\n\n\n\n<p>00:00<\/p>\n\n\n\n<p>00:00<\/p>\n\n\n\n<p><a href=\"javascript:void(0);\">Use Up\/Down Arrow keys to increase or decrease volume.<\/a><\/p>\n\n\n\n<p><a href=\"https:\/\/audios.ebc.com.br\/4d\/4d8e92f898ead53dd14f47642d900818.mp3?download&amp;filename=17-01-24_-_oussama_el_ghaouri_-_trabalho_digno_-_ra_pl.mp3\">Baixar arquivo<\/a><\/p>\n\n\n\n<p>Edi\u00e7\u00e3o: Fernando Fraga<\/p>\n","protected":false},"excerpt":{"rendered":"<p>Estrat\u00e9gia faz parte do Plano Ruas Vis\u00edveis, lan\u00e7ado em dezembro Por Fab\u00edola Siminb\u00fa &#8211; Rep\u00f3rter<\/p>\n","protected":false},"author":2,"featured_media":76098,"comment_status":"open","ping_status":"open","sticky":false,"template":"","format":"standard","meta":{"footnotes":""},"categories":[17],"tags":[],"class_list":["post-76097","post","type-post","status-publish","format-standard","has-post-thumbnail","hentry","category-outras-noticias"],"_links":{"self":[{"href":"https:\/\/tvc16.com\/portal\/wp-json\/wp\/v2\/posts\/76097","targetHints":{"allow":["GET"]}}],"collection":[{"href":"https:\/\/tvc16.com\/portal\/wp-json\/wp\/v2\/posts"}],"about":[{"href":"https:\/\/tvc16.com\/portal\/wp-json\/wp\/v2\/types\/post"}],"author":[{"embeddable":true,"href":"https:\/\/tvc16.com\/portal\/wp-json\/wp\/v2\/users\/2"}],"replies":[{"embeddable":true,"href":"https:\/\/tvc16.com\/portal\/wp-json\/wp\/v2\/comments?post=76097"}],"version-history":[{"count":1,"href":"https:\/\/tvc16.com\/portal\/wp-json\/wp\/v2\/posts\/76097\/revisions"}],"predecessor-version":[{"id":76099,"href":"https:\/\/tvc16.com\/portal\/wp-json\/wp\/v2\/posts\/76097\/revisions\/76099"}],"wp:featuredmedia":[{"embeddable":true,"href":"https:\/\/tvc16.com\/portal\/wp-json\/wp\/v2\/media\/76098"}],"wp:attachment":[{"href":"https:\/\/tvc16.com\/portal\/wp-json\/wp\/v2\/media?parent=76097"}],"wp:term":[{"taxonomy":"category","embeddable":true,"href":"https:\/\/tvc16.com\/portal\/wp-json\/wp\/v2\/categories?post=76097"},{"taxonomy":"post_tag","embeddable":true,"href":"https:\/\/tvc16.com\/portal\/wp-json\/wp\/v2\/tags?post=76097"}],"curies":[{"name":"wp","href":"https:\/\/api.w.org\/{rel}","templated":true}]}}