{"id":76100,"date":"2024-01-19T05:00:00","date_gmt":"2024-01-19T08:00:00","guid":{"rendered":"https:\/\/tvc16.com\/portal\/?p=76100"},"modified":"2024-01-18T15:15:16","modified_gmt":"2024-01-18T18:15:16","slug":"agerio-anuncia-linha-de-microcredito-com-juros-de-025-ao-mes-para-micro-e-pequenas-empresas-fluminenses","status":"publish","type":"post","link":"https:\/\/tvc16.com\/portal\/2024\/01\/19\/agerio-anuncia-linha-de-microcredito-com-juros-de-025-ao-mes-para-micro-e-pequenas-empresas-fluminenses\/","title":{"rendered":"AgeRio anuncia linha de microcr\u00e9dito com juros de 0,25% ao m\u00eas para micro e pequenas empresas fluminenses"},"content":{"rendered":"\n<p>A Ag\u00eancia de Fomento do Estado do Rio de Janeiro (AgeRio) acaba de lan\u00e7ar uma linha de microcr\u00e9dito exclusiva para micro e pequenas empresas que possuem faturamento anual de at\u00e9 R$ 4,8 milh\u00f5es. O Microcr\u00e9dito MPE disponibiliza financiamentos que variam de R$ 5 mil a R$ 21 mil para o investimento em capital de giro, e conta com uma taxa de juros de 0,25% ao m\u00eas, totalizando 3% ao ano. \u00a0<\/p>\n\n\n\n<p>\u2013 O segmento de micro e pequenas empresas tem crescido significativamente no Estado do Rio, e essa linha de cr\u00e9dito \u00e9 mais uma iniciativa que reflete o compromisso do governo e da AgeRio de proporcionar ainda mais oportunidades de crescimento econ\u00f4mico sustent\u00e1vel para as empresas fluminenses \u2013 comentou o governador Cl\u00e1udio Castro.<\/p>\n\n\n\n<p>O presidente da AgeRio, Andr\u00e9 Vila Verde, comemora a cria\u00e7\u00e3o do novo produto, que tem como objetivo facilitar o acesso ao cr\u00e9dito para micro e pequenas empresas.<\/p>\n\n\n\n<p>\u2013 O grande diferencial desta linha de microcr\u00e9dito \u00e9 a taxa de juros mensal fixa de 0,25%, uma das mais competitivas do mercado para esse segmento. Verificamos a oportunidade de oferecer um financiamento que atendesse \u00e0s necessidades das MPEs com condi\u00e7\u00f5es especiais e adaptadas \u2013 afirmou Vila Verde.<\/p>\n\n\n\n<p>Ele destaca que o microcr\u00e9dito MPE foi criado ap\u00f3s a ag\u00eancia perceber o potencial da concess\u00e3o de microcr\u00e9dito para os neg\u00f3cios.<\/p>\n\n\n\n<p>\u2013 A linha de cr\u00e9dito \u00e9 uma porta de entrada para a extensa carteira de solu\u00e7\u00f5es financeiras da AgeRio, estimulando a contrata\u00e7\u00e3o de aportes mais robustos para necessidades financeiras futuras do neg\u00f3cio \u2013 complementou o presidente Andr\u00e9 Vila Verde. &nbsp;<\/p>\n\n\n\n<p><strong>Microcr\u00e9dito MPE<\/strong><\/p>\n\n\n\n<p>Valores: de R$ 5 mil a R$ 21 mil &nbsp;<br>Prazo: at\u00e9 36 meses (tr\u00eas anos) &nbsp;<br>Car\u00eancia: at\u00e9 6 meses &nbsp;<br>Taxa de juros: 0,25% mensais (3% ao ano) &nbsp;<br>Mais informa\u00e7\u00f5es e solicita\u00e7\u00e3o:&nbsp;<a href=\"https:\/\/na01.safelinks.protection.outlook.com\/?url=http%3A%2F%2Fwww.agerio.com.br%2F&amp;data=05%7C02%7C%7Cd0f619f56d6c4e5df08908dc1835c3f2%7C84df9e7fe9f640afb435aaaaaaaaaaaa%7C1%7C0%7C638411866406579595%7CUnknown%7CTWFpbGZsb3d8eyJWIjoiMC4wLjAwMDAiLCJQIjoiV2luMzIiLCJBTiI6Ik1haWwiLCJXVCI6Mn0%3D%7C3000%7C%7C%7C&amp;sdata=xqQVNjInFTE48E5Evb6r2Ctp4XQMJmOnyTJkjoUB%2FJ0%3D&amp;reserved=0\" target=\"_blank\" rel=\"noreferrer noopener\">www.agerio.com.br<\/a>&nbsp;<\/p>\n\n\n\n<p><strong>Sobre a AgeRio<\/strong><\/p>\n\n\n\n<p>A Ag\u00eancia de Fomento do Estado do Rio de Janeiro (AgeRio) \u00e9 uma sociedade de economia mista componente da administra\u00e7\u00e3o indireta do Governo Estadual, vinculada \u00e0 Secretaria de Estado de Desenvolvimento Econ\u00f4mico, Ind\u00fastria, Com\u00e9rcio e Servi\u00e7os. Criada h\u00e1 21 anos, a empresa atua em todos os 92 munic\u00edpios fluminenses e opera com recursos pr\u00f3prios, repasses e fundos estaduais com a miss\u00e3o de fomentar, por meio de solu\u00e7\u00f5es financeiras, o desenvolvimento sustent\u00e1vel do Estado do Rio de Janeiro, com excel\u00eancia na presta\u00e7\u00e3o de servi\u00e7os.&nbsp;<\/p>\n\n\n\n<p>As linhas de cr\u00e9dito da Ag\u00eancia s\u00e3o voltadas para os setores p\u00fablico (prefeituras) e privado (grandes, m\u00e9dias, pequenas e microempresas), al\u00e9m das participa\u00e7\u00f5es societ\u00e1rias e dos microempreendedores individuais. Todas as opera\u00e7\u00f5es realizadas pela AgeRio s\u00e3o aprovadas conforme crit\u00e9rios t\u00e9cnicos e por meio de decis\u00f5es colegiadas, fatores determinantes para estabelecer as condi\u00e7\u00f5es de cada apoio financeiro.<\/p>\n","protected":false},"excerpt":{"rendered":"<p>A Ag\u00eancia de Fomento do Estado do Rio de Janeiro (AgeRio) acaba de lan\u00e7ar uma<\/p>\n","protected":false},"author":2,"featured_media":76101,"comment_status":"open","ping_status":"open","sticky":false,"template":"","format":"standard","meta":{"footnotes":""},"categories":[17],"tags":[],"class_list":["post-76100","post","type-post","status-publish","format-standard","has-post-thumbnail","hentry","category-outras-noticias"],"_links":{"self":[{"href":"https:\/\/tvc16.com\/portal\/wp-json\/wp\/v2\/posts\/76100","targetHints":{"allow":["GET"]}}],"collection":[{"href":"https:\/\/tvc16.com\/portal\/wp-json\/wp\/v2\/posts"}],"about":[{"href":"https:\/\/tvc16.com\/portal\/wp-json\/wp\/v2\/types\/post"}],"author":[{"embeddable":true,"href":"https:\/\/tvc16.com\/portal\/wp-json\/wp\/v2\/users\/2"}],"replies":[{"embeddable":true,"href":"https:\/\/tvc16.com\/portal\/wp-json\/wp\/v2\/comments?post=76100"}],"version-history":[{"count":1,"href":"https:\/\/tvc16.com\/portal\/wp-json\/wp\/v2\/posts\/76100\/revisions"}],"predecessor-version":[{"id":76102,"href":"https:\/\/tvc16.com\/portal\/wp-json\/wp\/v2\/posts\/76100\/revisions\/76102"}],"wp:featuredmedia":[{"embeddable":true,"href":"https:\/\/tvc16.com\/portal\/wp-json\/wp\/v2\/media\/76101"}],"wp:attachment":[{"href":"https:\/\/tvc16.com\/portal\/wp-json\/wp\/v2\/media?parent=76100"}],"wp:term":[{"taxonomy":"category","embeddable":true,"href":"https:\/\/tvc16.com\/portal\/wp-json\/wp\/v2\/categories?post=76100"},{"taxonomy":"post_tag","embeddable":true,"href":"https:\/\/tvc16.com\/portal\/wp-json\/wp\/v2\/tags?post=76100"}],"curies":[{"name":"wp","href":"https:\/\/api.w.org\/{rel}","templated":true}]}}