{"id":76105,"date":"2024-01-18T15:22:53","date_gmt":"2024-01-18T18:22:53","guid":{"rendered":"https:\/\/tvc16.com\/portal\/?p=76105"},"modified":"2024-01-18T15:23:15","modified_gmt":"2024-01-18T18:23:15","slug":"programa-de-defesa-pessoal-para-mulheres-e-criado-em-petropolis","status":"publish","type":"post","link":"https:\/\/tvc16.com\/portal\/2024\/01\/18\/programa-de-defesa-pessoal-para-mulheres-e-criado-em-petropolis\/","title":{"rendered":"Programa de Defesa Pessoal para Mulheres \u00e9 criado em Petr\u00f3polis"},"content":{"rendered":"\n<p>A Lei 8.705\/24 que foi sancionada recentemente, cria o Programa de Defesa Pessoal para Mulheres em Petr\u00f3polis, destinado a apresentar \u00e0s mulheres pr\u00e1ticas e t\u00e9cnicas de intelig\u00eancia emocional e autodefesa. De acordo com os parlamentares da C\u00e2mara Municipal de Petr\u00f3polis, a cidade possui \u00edndices preocupantes de viol\u00eancia dom\u00e9stica e familiar contra mulher, tornando necess\u00e1rio ampliar a prote\u00e7\u00e3o dessas v\u00edtimas, al\u00e9m de outras mulheres que possam vir a sofrer outros tipos de ass\u00e9dios e risco, atrav\u00e9s da prepara\u00e7\u00e3o para autodefesa e o desenvolvimento da intelig\u00eancia emocional necess\u00e1ria para aplica\u00e7\u00e3o destas t\u00e9cnicas quando necess\u00e1rio.<\/p>\n\n\n\n<p>A ideia \u00e9 que o Programa conte com li\u00e7\u00f5es sobre intelig\u00eancia emocional e din\u00e2micas de grupo, com acompanhamento de psic\u00f3logos. Assim como falar sobre ansiedade, mecanismos de defesa da mente e repress\u00e3o de emo\u00e7\u00f5es.<\/p>\n\n\n\n<p>As aulas dever\u00e3o ser ministradas por membros habilitados e especializados em treinamentos dessa natureza, preferencialmente membros da Policia Civil, Militar, Guarda Municipal ou de qualquer outro \u00f3rg\u00e3o que integre a seguran\u00e7a p\u00fablica e que re\u00fana os requisitos necess\u00e1rios para ministrar as aulas. Professores de educa\u00e7\u00e3o f\u00edsica com especializa\u00e7\u00e3o em defesa pessoal ou profissionais de artes marciais com curso t\u00e9cnico em defesa pessoal reconhecido e comprovado tamb\u00e9m poder\u00e3o fazer parte do programa.<\/p>\n\n\n\n<p>Foto: Ag\u00eancia Brasil<\/p>\n","protected":false},"excerpt":{"rendered":"<p>A Lei 8.705\/24 que foi sancionada recentemente, cria o Programa de Defesa Pessoal para Mulheres<\/p>\n","protected":false},"author":2,"featured_media":69730,"comment_status":"open","ping_status":"open","sticky":false,"template":"","format":"standard","meta":{"footnotes":""},"categories":[12],"tags":[],"class_list":["post-76105","post","type-post","status-publish","format-standard","has-post-thumbnail","hentry","category-cidade"],"_links":{"self":[{"href":"https:\/\/tvc16.com\/portal\/wp-json\/wp\/v2\/posts\/76105","targetHints":{"allow":["GET"]}}],"collection":[{"href":"https:\/\/tvc16.com\/portal\/wp-json\/wp\/v2\/posts"}],"about":[{"href":"https:\/\/tvc16.com\/portal\/wp-json\/wp\/v2\/types\/post"}],"author":[{"embeddable":true,"href":"https:\/\/tvc16.com\/portal\/wp-json\/wp\/v2\/users\/2"}],"replies":[{"embeddable":true,"href":"https:\/\/tvc16.com\/portal\/wp-json\/wp\/v2\/comments?post=76105"}],"version-history":[{"count":2,"href":"https:\/\/tvc16.com\/portal\/wp-json\/wp\/v2\/posts\/76105\/revisions"}],"predecessor-version":[{"id":76107,"href":"https:\/\/tvc16.com\/portal\/wp-json\/wp\/v2\/posts\/76105\/revisions\/76107"}],"wp:featuredmedia":[{"embeddable":true,"href":"https:\/\/tvc16.com\/portal\/wp-json\/wp\/v2\/media\/69730"}],"wp:attachment":[{"href":"https:\/\/tvc16.com\/portal\/wp-json\/wp\/v2\/media?parent=76105"}],"wp:term":[{"taxonomy":"category","embeddable":true,"href":"https:\/\/tvc16.com\/portal\/wp-json\/wp\/v2\/categories?post=76105"},{"taxonomy":"post_tag","embeddable":true,"href":"https:\/\/tvc16.com\/portal\/wp-json\/wp\/v2\/tags?post=76105"}],"curies":[{"name":"wp","href":"https:\/\/api.w.org\/{rel}","templated":true}]}}