{"id":76108,"date":"2024-01-18T15:27:34","date_gmt":"2024-01-18T18:27:34","guid":{"rendered":"https:\/\/tvc16.com\/portal\/?p=76108"},"modified":"2024-01-18T15:27:35","modified_gmt":"2024-01-18T18:27:35","slug":"campanha-vacina-em-casa-para-reforcar-imunizacao-de-criancas-menores-de-5-anos-e-lancada-em-petropolis","status":"publish","type":"post","link":"https:\/\/tvc16.com\/portal\/2024\/01\/18\/campanha-vacina-em-casa-para-reforcar-imunizacao-de-criancas-menores-de-5-anos-e-lancada-em-petropolis\/","title":{"rendered":"Campanha &#8220;Vacina em Casa&#8221;, para refor\u00e7ar imuniza\u00e7\u00e3o de crian\u00e7as menores de 5 anos, \u00e9 lan\u00e7ada em Petr\u00f3polis"},"content":{"rendered":"\n<p>Petr\u00f3polis iniciou a campanha &#8220;Vacina em Casa&#8221;, que levar\u00e1 as doses dos imunizantes diretamente aos lares, beneficiando cerca de 12 mil crian\u00e7as com esquemas vacinais incompletos no munic\u00edpio. A a\u00e7\u00e3o visa atualizar o esquema de vacina\u00e7\u00e3o de crian\u00e7as menores de 5 anos. <\/p>\n\n\n\n<p>A Secretaria de Sa\u00fade informou que segue o esquema vacinal preconizado pelo Minist\u00e9rio da Sa\u00fade, e enfatizou que as vacinas s\u00e3o fundamentais na preven\u00e7\u00e3o de doen\u00e7as graves, como a Poliomielite, causada pelo poliov\u00edrus. <\/p>\n\n\n\n<p>Segundo o levantamento da Divis\u00e3o de Imuniza\u00e7\u00e3o da Secretaria de Sa\u00fade, muitas crian\u00e7as n\u00e3o receberam todas as vacinas devido \u00e0 dificuldade dos pais em comparecer aos pontos de vacina\u00e7\u00e3o. A campanha \u201cVacina em Casa\u201d ser\u00e1 realizada sob a orienta\u00e7\u00e3o do Minist\u00e9rio da Sa\u00fade, com equipes devidamente identificadas, portando crach\u00e1 da Secretaria de Sa\u00fade e utilizando ve\u00edculo oficial da prefeitura.<\/p>\n\n\n\n<p>A Chefe da Divis\u00e3o de Imuniza\u00e7\u00e3o, Thayene Varella, ressalta a necessidade da colabora\u00e7\u00e3o da comunidade: &#8220;Estamos iniciando a campanha para atualizar o esquema de vacina\u00e7\u00e3o de 12 mil crian\u00e7as. Refor\u00e7amos que a apresenta\u00e7\u00e3o do cart\u00e3o de vacina \u00e9 indispens\u00e1vel, garantindo um registro adequado das doses aplicadas. Al\u00e9m disso, a vacina\u00e7\u00e3o infantil e a frequ\u00eancia escolar ser\u00e3o obrigat\u00f3rias para os inscritos no Bolsa Fam\u00edlia, contribuindo para a sa\u00fade e o desenvolvimento integral das crian\u00e7as\u201d, explica.<\/p>\n\n\n\n<p>Confira o calend\u00e1rio:<br>\u2022 JANEIRO A MAR\u00c7O<br>\u2022 Quitandinha<br>\u2022 Alto Independ\u00eancia<br>\u2022 ESF Vila Sa\u00fade<br>\u2022 Amazonas<br>\u2022 S\u00e3o Sebasti\u00e3o<br>\u2022 Alto Sim\u00e9ria<br>\u2022 Sant\u00edssima Trindade<br>\u2022 Doutor Thouzet<br>\u2022 ABRIL A MAIO<br>\u2022 Itaipava<br>\u2022 Comunidade Primeiro de Maio<br>\u2022 \u00c1guas Lindas<br>\u2022 Bonfim<br>\u2022 Boa Esperan\u00e7a<br>\u2022 Vale das Videiras<br>\u2022 Lajinha<br>\u2022 Araras<br>\u2022 JUNHO A JULHO<br>\u2022 Posse<br>\u2022 Pedro do Rio<br>\u2022 Vila Rica<br>\u2022 Secret\u00e1rio<br>\u2022 Brejal<br>\u2022 AGOSTO A SETEMBRO<br>\u2022 Alto da Serra<br>\u2022 Meio da Serra<br>\u2022 24 de Maio<br>\u2022 Caxambu Luzitano<br>\u2022 Sargente Boening<br>\u2022 Vila Felipe<br>\u2022 Morin<br>\u2022 Caxambu Santa Isabel<br>\u2022 OUTUBRO A NOVEMBRO<br>\u2022 Bataillard<br>\u2022 Bairro Castrioto<br>\u2022 Mosela<br>\u2022 Comunidade Menino Jesus de Praga<br>\u2022 Fazenda Inglesa<br>\u2022 Comunidade S\u00e3o Jo\u00e3o Batista<br>\u2022 Moinho Preto<br>\u2022 Brancas<br>\u2022 DEZEMBRO<br>\u2022 Carangola<br>\u2022 Retiro<br>\u2022 Vale do Carangola<br>\u2022 Castelo S\u00e3o Manoel<br>\u2022 Jardim Salvador<br>\u2022 Gl\u00f3ria<\/p>\n\n\n\n<p>Foto: PMP<\/p>\n","protected":false},"excerpt":{"rendered":"<p>Petr\u00f3polis iniciou a campanha &#8220;Vacina em Casa&#8221;, que levar\u00e1 as doses dos imunizantes diretamente aos<\/p>\n","protected":false},"author":2,"featured_media":76109,"comment_status":"open","ping_status":"open","sticky":false,"template":"","format":"standard","meta":{"footnotes":""},"categories":[12],"tags":[],"class_list":["post-76108","post","type-post","status-publish","format-standard","has-post-thumbnail","hentry","category-cidade"],"_links":{"self":[{"href":"https:\/\/tvc16.com\/portal\/wp-json\/wp\/v2\/posts\/76108","targetHints":{"allow":["GET"]}}],"collection":[{"href":"https:\/\/tvc16.com\/portal\/wp-json\/wp\/v2\/posts"}],"about":[{"href":"https:\/\/tvc16.com\/portal\/wp-json\/wp\/v2\/types\/post"}],"author":[{"embeddable":true,"href":"https:\/\/tvc16.com\/portal\/wp-json\/wp\/v2\/users\/2"}],"replies":[{"embeddable":true,"href":"https:\/\/tvc16.com\/portal\/wp-json\/wp\/v2\/comments?post=76108"}],"version-history":[{"count":1,"href":"https:\/\/tvc16.com\/portal\/wp-json\/wp\/v2\/posts\/76108\/revisions"}],"predecessor-version":[{"id":76110,"href":"https:\/\/tvc16.com\/portal\/wp-json\/wp\/v2\/posts\/76108\/revisions\/76110"}],"wp:featuredmedia":[{"embeddable":true,"href":"https:\/\/tvc16.com\/portal\/wp-json\/wp\/v2\/media\/76109"}],"wp:attachment":[{"href":"https:\/\/tvc16.com\/portal\/wp-json\/wp\/v2\/media?parent=76108"}],"wp:term":[{"taxonomy":"category","embeddable":true,"href":"https:\/\/tvc16.com\/portal\/wp-json\/wp\/v2\/categories?post=76108"},{"taxonomy":"post_tag","embeddable":true,"href":"https:\/\/tvc16.com\/portal\/wp-json\/wp\/v2\/tags?post=76108"}],"curies":[{"name":"wp","href":"https:\/\/api.w.org\/{rel}","templated":true}]}}