{"id":76111,"date":"2024-01-18T15:29:25","date_gmt":"2024-01-18T18:29:25","guid":{"rendered":"https:\/\/tvc16.com\/portal\/?p=76111"},"modified":"2024-01-18T15:29:27","modified_gmt":"2024-01-18T18:29:27","slug":"ainda-ha-vagas-para-a-colonia-de-ferias-da-escola-monsenhor-joao-de-deus-em-pedro-do-rio","status":"publish","type":"post","link":"https:\/\/tvc16.com\/portal\/2024\/01\/18\/ainda-ha-vagas-para-a-colonia-de-ferias-da-escola-monsenhor-joao-de-deus-em-pedro-do-rio\/","title":{"rendered":"Ainda h\u00e1 vagas para a col\u00f4nia de f\u00e9rias da Escola Monsenhor Jo\u00e3o de Deus, em Pedro do Rio"},"content":{"rendered":"\n<p>A Escola Municipal Monsenhor Jo\u00e3o de Deus Rodrigues, em Pedro do Rio, em Petr\u00f3polis, est\u00e1 com inscri\u00e7\u00f5es abertas para col\u00f4nia de f\u00e9rias, que come\u00e7ou na \u00faltima segunda-feira (15) e segue at\u00e9 o dia 26. Haver\u00e1 atividades l\u00fadicas na piscina e recreativas na quadra, al\u00e9m de luta. A col\u00f4nia de f\u00e9rias \u00e9 gratuita e aberta a toda a comunidade.<\/p>\n\n\n\n<p>As inscri\u00e7\u00f5es devem ser feitas na pr\u00f3pria escola de segunda a sexta-feira, das 8h \u00e0s 12h. \u00c9 preciso levar documenta\u00e7\u00e3o pessoal dos menores. Podem se inscrever crian\u00e7as e adolescentes entre oito e 15 anos.<\/p>\n\n\n\n<p>Para o p\u00fablico com idade entre 11 e 15 anos a col\u00f4nia de f\u00e9rias funciona de segunda a sexta-feira, das 8h \u00e0s 12h. J\u00e1 para as crian\u00e7as entre oito e 10 anos, as atividades funcionam das 13h \u00e0s 17h, tamb\u00e9m de segunda a sexta. \u00c9 oferecido almo\u00e7o e lanche para as crian\u00e7as e adolescentes.<\/p>\n\n\n\n<p>Foto: Ag\u00eancia Brasil<\/p>\n","protected":false},"excerpt":{"rendered":"<p>A Escola Municipal Monsenhor Jo\u00e3o de Deus Rodrigues, em Pedro do Rio, em Petr\u00f3polis, est\u00e1<\/p>\n","protected":false},"author":2,"featured_media":75205,"comment_status":"open","ping_status":"open","sticky":false,"template":"","format":"standard","meta":{"footnotes":""},"categories":[12],"tags":[],"class_list":["post-76111","post","type-post","status-publish","format-standard","has-post-thumbnail","hentry","category-cidade"],"_links":{"self":[{"href":"https:\/\/tvc16.com\/portal\/wp-json\/wp\/v2\/posts\/76111","targetHints":{"allow":["GET"]}}],"collection":[{"href":"https:\/\/tvc16.com\/portal\/wp-json\/wp\/v2\/posts"}],"about":[{"href":"https:\/\/tvc16.com\/portal\/wp-json\/wp\/v2\/types\/post"}],"author":[{"embeddable":true,"href":"https:\/\/tvc16.com\/portal\/wp-json\/wp\/v2\/users\/2"}],"replies":[{"embeddable":true,"href":"https:\/\/tvc16.com\/portal\/wp-json\/wp\/v2\/comments?post=76111"}],"version-history":[{"count":1,"href":"https:\/\/tvc16.com\/portal\/wp-json\/wp\/v2\/posts\/76111\/revisions"}],"predecessor-version":[{"id":76112,"href":"https:\/\/tvc16.com\/portal\/wp-json\/wp\/v2\/posts\/76111\/revisions\/76112"}],"wp:featuredmedia":[{"embeddable":true,"href":"https:\/\/tvc16.com\/portal\/wp-json\/wp\/v2\/media\/75205"}],"wp:attachment":[{"href":"https:\/\/tvc16.com\/portal\/wp-json\/wp\/v2\/media?parent=76111"}],"wp:term":[{"taxonomy":"category","embeddable":true,"href":"https:\/\/tvc16.com\/portal\/wp-json\/wp\/v2\/categories?post=76111"},{"taxonomy":"post_tag","embeddable":true,"href":"https:\/\/tvc16.com\/portal\/wp-json\/wp\/v2\/tags?post=76111"}],"curies":[{"name":"wp","href":"https:\/\/api.w.org\/{rel}","templated":true}]}}