{"id":76113,"date":"2024-01-18T16:54:22","date_gmt":"2024-01-18T19:54:22","guid":{"rendered":"https:\/\/tvc16.com\/portal\/?p=76113"},"modified":"2024-01-18T16:54:23","modified_gmt":"2024-01-18T19:54:23","slug":"rua-teresa-prepara-festival-de-verao-dois-finais-de-semana-especiais-no-maior-polo-de-moda-de-petropolis","status":"publish","type":"post","link":"https:\/\/tvc16.com\/portal\/2024\/01\/18\/rua-teresa-prepara-festival-de-verao-dois-finais-de-semana-especiais-no-maior-polo-de-moda-de-petropolis\/","title":{"rendered":"Rua Teresa prepara Festival de Ver\u00e3o: dois finais de semana especiais no maior polo de moda de Petr\u00f3polis"},"content":{"rendered":"\n<p>Est\u00e1 chegando o Festival de Ver\u00e3o da Rua Teresa. A programa\u00e7\u00e3o, criada pela ARTE &#8211; Associa\u00e7\u00e3o da Rua Teresa &#8211; promete anima\u00e7\u00e3o e muitas promo\u00e7\u00f5es para os visitantes e petropolitanos nos dois pr\u00f3ximos s\u00e1bados, dias 20 e 27 de janeiro.<\/p>\n\n\n\n<p>\u201cVamos aproveitar o clima mais quente e proporcionar uma experi\u00eancia de compra diferenciada para os nossos clientes. \u00d3tima oportunidade para adquirir aquelas pe\u00e7as de ver\u00e3o com bom pre\u00e7o\u201d, afirma a presidente da ARTE, Denise Fiorini.<\/p>\n\n\n\n<p>As lojas participantes do Festival de Ver\u00e3o colocar\u00e3o araras com roupas na cal\u00e7ada, chamando a aten\u00e7\u00e3o para as novidades da esta\u00e7\u00e3o. Al\u00e9m disso, gra\u00e7as a uma parceria entre a ARTE e a Gelato Imperial, tickets com direito a picol\u00e9s gratuitos que ser\u00e3o distribu\u00eddos para os clientes nas marcas associadas, conforme as regras de venda de cada estabelecimento.<\/p>\n\n\n\n<p>\u201c\u00c9 justamente em janeiro que muitos visitantes procuram a Rua Teresa em busca das novidades da esta\u00e7\u00e3o e a expectativa \u00e9 de que a Rua receba ainda mais turistas neste final de m\u00eas\u201d, confirma Denise Fiorini.<\/p>\n\n\n\n<p>O Festival de Ver\u00e3o da Rua Teresa contar\u00e1, ainda, com m\u00fasica e gastronomia: dia 20 ser\u00e1 a vez da Banda V2 (Duo), das 13h \u00e0s 15h, na Galeria 195. O ponto de venda da Cervejaria Colonus ficar\u00e1 na Rua Teresa, 190. No dia 27, ser\u00e1 a vez da dupla Duas em Ponto, no mesmo hor\u00e1rio.&nbsp;<\/p>\n\n\n\n<p>Para colaborar com a hidrata\u00e7\u00e3o dos visitantes, a ARTE fechou uma parceria com a \u00c1guas do Imperador, que vai revitalizar os bebedouros j\u00e1 existentes em 4 diferentes pontos da Rua Teresa, pr\u00f3ximos aos n\u00fameros 280, 337, 492 e 608, oferecendo \u00e1gua tratada gratuita.<\/p>\n\n\n\n<p>As novidades da programa\u00e7\u00e3o do Festival de Ver\u00e3o, atra\u00e7\u00f5es musicais e gastron\u00f4micas, bem como funcionamento, curiosidades e promo\u00e7\u00f5es da nossa Rua podem ser conferidos no&nbsp; no Instagram oficial da ARTE (<a href=\"https:\/\/na01.safelinks.protection.outlook.com\/?url=https%3A%2F%2Fwww.instagram.com%2Fruateresaoficial%3Figsh%3DZXBiaDdjc3A4OTR0&amp;data=05%7C02%7C%7Cd734d651e5374b1f668f08dc185d5738%7C84df9e7fe9f640afb435aaaaaaaaaaaa%7C1%7C0%7C638412036394034458%7CUnknown%7CTWFpbGZsb3d8eyJWIjoiMC4wLjAwMDAiLCJQIjoiV2luMzIiLCJBTiI6Ik1haWwiLCJXVCI6Mn0%3D%7C3000%7C%7C%7C&amp;sdata=KBlEZPuXRkK6uYjLqqi8o9pHmanX8H1ujwqJXtVLce0%3D&amp;reserved=0\" target=\"_blank\" rel=\"noreferrer noopener\">@ruateresaoficial<\/a>)<\/p>\n","protected":false},"excerpt":{"rendered":"<p>Est\u00e1 chegando o Festival de Ver\u00e3o da Rua Teresa. A programa\u00e7\u00e3o, criada pela ARTE &#8211;<\/p>\n","protected":false},"author":2,"featured_media":76114,"comment_status":"open","ping_status":"open","sticky":false,"template":"","format":"standard","meta":{"footnotes":""},"categories":[12],"tags":[],"class_list":["post-76113","post","type-post","status-publish","format-standard","has-post-thumbnail","hentry","category-cidade"],"_links":{"self":[{"href":"https:\/\/tvc16.com\/portal\/wp-json\/wp\/v2\/posts\/76113","targetHints":{"allow":["GET"]}}],"collection":[{"href":"https:\/\/tvc16.com\/portal\/wp-json\/wp\/v2\/posts"}],"about":[{"href":"https:\/\/tvc16.com\/portal\/wp-json\/wp\/v2\/types\/post"}],"author":[{"embeddable":true,"href":"https:\/\/tvc16.com\/portal\/wp-json\/wp\/v2\/users\/2"}],"replies":[{"embeddable":true,"href":"https:\/\/tvc16.com\/portal\/wp-json\/wp\/v2\/comments?post=76113"}],"version-history":[{"count":1,"href":"https:\/\/tvc16.com\/portal\/wp-json\/wp\/v2\/posts\/76113\/revisions"}],"predecessor-version":[{"id":76115,"href":"https:\/\/tvc16.com\/portal\/wp-json\/wp\/v2\/posts\/76113\/revisions\/76115"}],"wp:featuredmedia":[{"embeddable":true,"href":"https:\/\/tvc16.com\/portal\/wp-json\/wp\/v2\/media\/76114"}],"wp:attachment":[{"href":"https:\/\/tvc16.com\/portal\/wp-json\/wp\/v2\/media?parent=76113"}],"wp:term":[{"taxonomy":"category","embeddable":true,"href":"https:\/\/tvc16.com\/portal\/wp-json\/wp\/v2\/categories?post=76113"},{"taxonomy":"post_tag","embeddable":true,"href":"https:\/\/tvc16.com\/portal\/wp-json\/wp\/v2\/tags?post=76113"}],"curies":[{"name":"wp","href":"https:\/\/api.w.org\/{rel}","templated":true}]}}