{"id":76116,"date":"2024-01-19T06:33:27","date_gmt":"2024-01-19T09:33:27","guid":{"rendered":"https:\/\/tvc16.com\/portal\/?p=76116"},"modified":"2024-01-19T06:33:29","modified_gmt":"2024-01-19T09:33:29","slug":"farmacia-popular-disponibiliza-absorventes-em-dois-mil-estabelecimentos-do-rio-de-janeiro","status":"publish","type":"post","link":"https:\/\/tvc16.com\/portal\/2024\/01\/19\/farmacia-popular-disponibiliza-absorventes-em-dois-mil-estabelecimentos-do-rio-de-janeiro\/","title":{"rendered":"Farm\u00e1cia Popular disponibiliza absorventes em dois mil estabelecimentos do Rio de Janeiro"},"content":{"rendered":"\n<p>O programa\u00a0Farm\u00e1cia Popular\u00a0disponibiliza absorventes para popula\u00e7\u00e3o em situa\u00e7\u00e3o de vulnerabilidade social em mais de 31 mil unidades credenciadas em todo pa\u00eds. No Rio de Janeiro, 2.085 farm\u00e1cias est\u00e3o credenciadas para distribui\u00e7\u00e3o em 90 munic\u00edpios. A iniciativa \u00e9 decorrente das a\u00e7\u00f5es do Programa de Prote\u00e7\u00e3o e Promo\u00e7\u00e3o da Sa\u00fade e Dignidade Menstrual j\u00e1 executadas pelo Governo Federal em 2023. A equidade de g\u00eanero e acesso aos absorventes, combatendo as desigualdades causadas pela pobreza menstrual, \u00e9 tema priorit\u00e1rio tratado de forma interministerial desde o in\u00edcio da atual gest\u00e3o.<\/p>\n\n\n\n<p>O acesso pelo Farm\u00e1cia Popular contempla a maioria da popula\u00e7\u00e3o beneficiada e este \u00e9 um importante avan\u00e7o para garantir o acesso \u00e0 dignidade menstrual. A implanta\u00e7\u00e3o do programa ocorre de forma interministerial. A iniciativa \u00e9 conjunta entre as pastas da Sa\u00fade; Direitos Humanos e Cidadania; Justi\u00e7a e Seguran\u00e7a P\u00fablica; Desenvolvimento e Assist\u00eancia Social, Fam\u00edlia e Combate \u00e0 Fome; Mulheres e Educa\u00e7\u00e3o.<\/p>\n\n\n\n<p>A oferta \u00e9 direcionada aos grupos que vivem abaixo da linha da pobreza e est\u00e3o matriculados em escolas p\u00fablicas, em situa\u00e7\u00e3o de rua ou em vulnerabilidade extrema. A popula\u00e7\u00e3o recolhida em unidades do sistema prisional tamb\u00e9m ser\u00e1 contemplada. O p\u00fablico-alvo do programa abrange 24 milh\u00f5es de pessoas entre 10 e 49 anos em todas as regi\u00f5es do Pa\u00eds. A estimativa \u00e9 alcan\u00e7ar cerca de 1,8 milh\u00e3o de pessoas no Rio de Janeiro.<\/p>\n\n\n\n<p>Para garantir o benef\u00edcio, as pessoas que se encaixam nos crit\u00e9rios j\u00e1 estabelecidos precisar\u00e3o apresentar um documento de identifica\u00e7\u00e3o pessoal e uma autoriza\u00e7\u00e3o na farm\u00e1cia credenciada. Essa autoriza\u00e7\u00e3o ser\u00e1 emitida pelo aplicativo \u2018Meu SUS Digital\u2019\u2013 a nova vers\u00e3o do Conecte SUS j\u00e1 dispon\u00edvel para download.<\/p>\n\n\n\n<p>O portal do Minist\u00e9rio da Sa\u00fade disponibiliza a op\u00e7\u00e3o para fazer o download do aplicativo \u2018Meu SUS Digital\u2019. As orienta\u00e7\u00f5es tamb\u00e9m est\u00e3o dispon\u00edveis no Disque Sa\u00fade 136.<\/p>\n\n\n\n<p><strong>Como acessar o benef\u00edcio<\/strong><\/p>\n\n\n\n<p>Podem receber o item de higiene nas unidades credenciadas do Farm\u00e1cia Popular, brasileiras ou estrangeiras que vivem no Brasil, t\u00eam entre 10 e 49 anos de idade, est\u00e3o inscritas no Cadastro \u00danico (Cad\u00danico) e contam com renda familiar mensal de at\u00e9 R$ 218 por pessoa. Estudantes das institui\u00e7\u00f5es p\u00fablicas de ensino tamb\u00e9m devem estar no Cad\u00danico, mas a renda familiar mensal por pessoa vai at\u00e9 meio sal\u00e1rio m\u00ednimo (R$ 706). Para pessoas em situa\u00e7\u00e3o de rua, n\u00e3o h\u00e1 limite de renda.<\/p>\n\n\n\n<p>Para retirar o absorvente, basta se dirigir a uma unidade credenciada do Farm\u00e1cia Popular, apresentar um documento de identifica\u00e7\u00e3o oficial com n\u00famero do CPF e a \u2018Autoriza\u00e7\u00e3o do Programa Dignidade Menstrual\u2019, em formato digital ou impresso, que deve ser gerado via aplicativo ou site do \u2018Meu SUS Digital\u2019 (nova vers\u00e3o do aplicativo Conecte SUS), com validade de 180 dias. A aquisi\u00e7\u00e3o para menores de 16 anos deve ser feita por respons\u00e1vel legal.<\/p>\n\n\n\n<p>Em caso de dificuldade para acessar o \u2018Meu SUS Digital\u2019 ou emitir a autoriza\u00e7\u00e3o, basta se dirigir a uma Unidade B\u00e1sica de Sa\u00fade (UBS), onde agentes de sa\u00fade e profissionais podem auxiliar na emiss\u00e3o da autoriza\u00e7\u00e3o. Pessoas em situa\u00e7\u00e3o de rua tamb\u00e9m podem ir at\u00e9 os Centros de Refer\u00eancia da Assist\u00eancia Social \u2013 Cras e Creas, Centros POP, centros de acolhimento e equipes de Consult\u00f3rio na Rua.<\/p>\n\n\n\n<p>Para as pessoas que est\u00e3o recolhidas a unidades do sistema penal, a entrega ser\u00e1 coordenada e executada pelo Minist\u00e9rio da Justi\u00e7a e Seguran\u00e7a P\u00fablica, com a distribui\u00e7\u00e3o realizada diretamente nas institui\u00e7\u00f5es prisionais.<\/p>\n","protected":false},"excerpt":{"rendered":"<p>O programa\u00a0Farm\u00e1cia Popular\u00a0disponibiliza absorventes para popula\u00e7\u00e3o em situa\u00e7\u00e3o de vulnerabilidade social em mais de 31<\/p>\n","protected":false},"author":2,"featured_media":36090,"comment_status":"open","ping_status":"open","sticky":false,"template":"","format":"standard","meta":{"footnotes":""},"categories":[17],"tags":[],"class_list":["post-76116","post","type-post","status-publish","format-standard","has-post-thumbnail","hentry","category-outras-noticias"],"_links":{"self":[{"href":"https:\/\/tvc16.com\/portal\/wp-json\/wp\/v2\/posts\/76116","targetHints":{"allow":["GET"]}}],"collection":[{"href":"https:\/\/tvc16.com\/portal\/wp-json\/wp\/v2\/posts"}],"about":[{"href":"https:\/\/tvc16.com\/portal\/wp-json\/wp\/v2\/types\/post"}],"author":[{"embeddable":true,"href":"https:\/\/tvc16.com\/portal\/wp-json\/wp\/v2\/users\/2"}],"replies":[{"embeddable":true,"href":"https:\/\/tvc16.com\/portal\/wp-json\/wp\/v2\/comments?post=76116"}],"version-history":[{"count":1,"href":"https:\/\/tvc16.com\/portal\/wp-json\/wp\/v2\/posts\/76116\/revisions"}],"predecessor-version":[{"id":76117,"href":"https:\/\/tvc16.com\/portal\/wp-json\/wp\/v2\/posts\/76116\/revisions\/76117"}],"wp:featuredmedia":[{"embeddable":true,"href":"https:\/\/tvc16.com\/portal\/wp-json\/wp\/v2\/media\/36090"}],"wp:attachment":[{"href":"https:\/\/tvc16.com\/portal\/wp-json\/wp\/v2\/media?parent=76116"}],"wp:term":[{"taxonomy":"category","embeddable":true,"href":"https:\/\/tvc16.com\/portal\/wp-json\/wp\/v2\/categories?post=76116"},{"taxonomy":"post_tag","embeddable":true,"href":"https:\/\/tvc16.com\/portal\/wp-json\/wp\/v2\/tags?post=76116"}],"curies":[{"name":"wp","href":"https:\/\/api.w.org\/{rel}","templated":true}]}}