{"id":76123,"date":"2024-01-20T08:00:00","date_gmt":"2024-01-20T11:00:00","guid":{"rendered":"https:\/\/tvc16.com\/portal\/?p=76123"},"modified":"2024-01-19T10:27:28","modified_gmt":"2024-01-19T13:27:28","slug":"fortes-chuvas-no-estado-reacendem-discussoes-sobre-racismo-ambiental","status":"publish","type":"post","link":"https:\/\/tvc16.com\/portal\/2024\/01\/20\/fortes-chuvas-no-estado-reacendem-discussoes-sobre-racismo-ambiental\/","title":{"rendered":"Fortes chuvas no estado reacendem discuss\u00f5es sobre racismo ambiental"},"content":{"rendered":"\n<p><em>Comunidades foram as mais atingidas pelas chuvas<\/em><\/p>\n\n\n\n<p><em>*Leandra Lima<\/em><\/p>\n\n\n\n<p>As fortes chuvas que atingiram o estado do Rio de Janeiro nesta semana deixaram at\u00e9 o momento, segundo dados da Secretaria de Desenvolvimento Social e Direitos Humanos do Governo do Estado, 12 mortos, 12 mil desalojados e cerca de 300 desabrigados. A secretaria aponta que mais de 15 mil pessoas foram afetadas pelo temporal nas cidades de Belford Roxo, Japeri, Mesquita, Nil\u00f3polis, Nova Igua\u00e7u, Queimados, S\u00e3o Gon\u00e7alo e S\u00e3o Jo\u00e3o De Meriti. Observando os locais mais atingidos ativistas sociais fazendo um recorte racial e social, reacenderam discuss\u00f5es envolvendo o tema \u201cracismo ambiental\u201d, ap\u00f3s conectarem um ponto que eles t\u00eam incomum, todas s\u00e3o \u00e1reas vulner\u00e1veis com a maioria de sua popula\u00e7\u00e3o marginalizada que sofrem com falta de saneamento b\u00e1sico e problemas de infraestrutura.<\/p>\n\n\n\n<p><strong>O que \u00e9 racismo ambiental<\/strong><\/p>\n\n\n\n<p>Racismo ambiental \u00e9 um termo entrela\u00e7ado a falta de pol\u00edticas p\u00fablicas voltadas \u00e0 popula\u00e7\u00e3o negra, ind\u00edgena, latinas e as minorias quando se trata de espa\u00e7os na sociedade, pois em sua maioria esses grupos s\u00e3o afetados diretamente pela degrada\u00e7\u00e3o ambiental, sendo expostos os riscos ambientais nocivos \u00e0 sa\u00fade, dos quais s\u00e3o atingidos por enchentes, polui\u00e7\u00e3o entre outras situa\u00e7\u00f5es causadas pela falta de infraestrutura, que deveria ser garantida pelo o estado.<\/p>\n\n\n\n<p>O termo &#8220;racismo ambiental&#8221; surgiu nos Estados Unidos, atrav\u00e9s do ativista dos direitos civis Benjamin Franklin Chavis Junior que em suas pesquisas observou que as pessoas negras e pobres que viviam nas periferias do pa\u00eds sofriam constantemente com casos de intoxica\u00e7\u00e3o provocadas pelo o contato com o lixo t\u00f3xico, al\u00e9m de se ter uma maior ocorr\u00eancia de desastres naturais e atividades que colocam em risco a sa\u00fade nessas regi\u00f5es, Benjamin constatou que essas pessoas s\u00e3o levadas a viver em \u00e1reas menos valorizadas, onde os servi\u00e7os p\u00fablicos n\u00e3o chegam. No Brasil esse pensamento \u00e9 aceito e transpassa por \u00e1reas de injusti\u00e7as sociais vividas pelos marginalizados.<\/p>\n\n\n\n<p>Muito se debate sobre o tema que evidencia cada vez mais as consequ\u00eancias de n\u00e3o ter pol\u00edticas p\u00fablicas voltadas para a esses grupos, que est\u00e3o \u00e0 merc\u00ea dos eventos clim\u00e1ticos. Alguns munic\u00edpios do estado do Rio j\u00e1 come\u00e7aram a pensar em a\u00e7\u00f5es para atender essa parcela social, a cidade de Petr\u00f3polis ap\u00f3s passar por uma de suas maiores tragedias em 2022 que deixou 4 mil desabrigados e 235 mortos, aprovou no ano de 2023 o projeto de Lei N\u00ba 4730\/2023 que institui o Dia Municipal de Enfrentamento ao Racismo Ambiental no calend\u00e1rio municipal da cidade. O projeto \u00e9 de autoria da ativista Pamela M\u00e9rcia, que \u00e9 idealizadora do projeto Todos Juntos Ningu\u00e9m Sozinho que auxilia diversas fam\u00edlias em vulnerabilidade Social e tamb\u00e9m promove cursos direcionados ao tema tratado na lei, em conjunto com a vereadora Julia Casamasso (PSOL) representante da Coletiva Feminista.<\/p>\n\n\n\n<p>A lei aprovada demarca o \u201cDia Municipal de Enfrentamento ao Racismo Ambiental\u201d a ser comemorado anualmente no dia 20 de mar\u00e7o, per\u00edodo que foi marcado pela segunda trag\u00e9dia na cidade. Na justificada do projeto \u00e9 apontado a import\u00e2ncia de se falar do assunto que n\u00e3o \u00e9 de grande conhecimento de muitos, \u201cA injusti\u00e7a socioambiental \u00e9 historicamente segregat\u00f3ria e afeta diretamente o acesso \u00e0 seguran\u00e7a, \u00e0 educa\u00e7\u00e3o, \u00e0 sa\u00fade, \u00e0 servi\u00e7os p\u00fablicos de qualidade, o que leva a um ciclo vicioso de desvantagem social e econ\u00f4mica daqueles que habitam em lugares de risco. Indicadores sociais revelam que as \u00e1reas de maior risco ambiental s\u00e3o habitadas em sua maioria por uma popula\u00e7\u00e3o negra, de baixa renda, assim como \u00e9 alto o \u00edndice de domic\u00edlios chefiados por mulheres negras.\u201d trecho da justificativa, disposta no documento.<\/p>\n\n\n\n<p><em>*Estagi\u00e1ria<\/em><\/p>\n","protected":false},"excerpt":{"rendered":"<p>Comunidades foram as mais atingidas pelas chuvas *Leandra Lima As fortes chuvas que atingiram o<\/p>\n","protected":false},"author":2,"featured_media":76124,"comment_status":"open","ping_status":"open","sticky":false,"template":"","format":"standard","meta":{"footnotes":""},"categories":[12],"tags":[],"class_list":["post-76123","post","type-post","status-publish","format-standard","has-post-thumbnail","hentry","category-cidade"],"_links":{"self":[{"href":"https:\/\/tvc16.com\/portal\/wp-json\/wp\/v2\/posts\/76123","targetHints":{"allow":["GET"]}}],"collection":[{"href":"https:\/\/tvc16.com\/portal\/wp-json\/wp\/v2\/posts"}],"about":[{"href":"https:\/\/tvc16.com\/portal\/wp-json\/wp\/v2\/types\/post"}],"author":[{"embeddable":true,"href":"https:\/\/tvc16.com\/portal\/wp-json\/wp\/v2\/users\/2"}],"replies":[{"embeddable":true,"href":"https:\/\/tvc16.com\/portal\/wp-json\/wp\/v2\/comments?post=76123"}],"version-history":[{"count":1,"href":"https:\/\/tvc16.com\/portal\/wp-json\/wp\/v2\/posts\/76123\/revisions"}],"predecessor-version":[{"id":76125,"href":"https:\/\/tvc16.com\/portal\/wp-json\/wp\/v2\/posts\/76123\/revisions\/76125"}],"wp:featuredmedia":[{"embeddable":true,"href":"https:\/\/tvc16.com\/portal\/wp-json\/wp\/v2\/media\/76124"}],"wp:attachment":[{"href":"https:\/\/tvc16.com\/portal\/wp-json\/wp\/v2\/media?parent=76123"}],"wp:term":[{"taxonomy":"category","embeddable":true,"href":"https:\/\/tvc16.com\/portal\/wp-json\/wp\/v2\/categories?post=76123"},{"taxonomy":"post_tag","embeddable":true,"href":"https:\/\/tvc16.com\/portal\/wp-json\/wp\/v2\/tags?post=76123"}],"curies":[{"name":"wp","href":"https:\/\/api.w.org\/{rel}","templated":true}]}}