{"id":76132,"date":"2024-01-19T09:28:45","date_gmt":"2024-01-19T12:28:45","guid":{"rendered":"https:\/\/tvc16.com\/portal\/?p=76132"},"modified":"2024-01-19T09:29:09","modified_gmt":"2024-01-19T12:29:09","slug":"governo-do-estado-define-plano-de-acao-para-chuvas-dos-proximos-dias","status":"publish","type":"post","link":"https:\/\/tvc16.com\/portal\/2024\/01\/19\/governo-do-estado-define-plano-de-acao-para-chuvas-dos-proximos-dias\/","title":{"rendered":"Governo do Estado define plano de a\u00e7\u00e3o para chuvas dos pr\u00f3ximos dias"},"content":{"rendered":"\n<p><em>Concession\u00e1rias de \u00e1gua, saneamento, energia e mobilidade foram notificadas pelo governador para acionarem seus planos de conting\u00eancia<\/em><\/p>\n\n\n\n<p>O governador Cl\u00e1udio Castro se reuniu com as secretarias e \u00f3rg\u00e3os estaduais, nesta quinta-feira (18), no Pal\u00e1cio Guanabara, com o objetivo de alinhar as a\u00e7\u00f5es do plano de conting\u00eancia para reduzir os impactos das fortes chuvas previstas para os pr\u00f3ximos dias. Seis concession\u00e1rias de servi\u00e7os essenciais que atuam no estado (Igu\u00e1, \u00c1guas do Rio, \u00c1guas do Brasil, Light, Enel e Concer) foram notificadas para que estejam de prontid\u00e3o. O objetivo \u00e9 que o tempo de resposta do Governo do Estado seja o mais r\u00e1pido poss\u00edvel.<\/p>\n\n\n\n<p>&#8211; Reforcei com todas as pastas envolvidas no nosso plano de conting\u00eancia que estejam em alerta para qualquer ocorr\u00eancia. Estamos nos preparando porque nossa prioridade \u00e9 salvar vidas. Estamos trabalhando intensamente e a todo tempo na limpeza de rios e reparos estruturais para que os munic\u00edpios, principalmente os mais atingidos no \u00faltimo fim de semana, n\u00e3o voltem a ser t\u00e3o afetados.&nbsp; Estamos de prontid\u00e3o para que as chuvas previstas para o pr\u00f3ximo fim de semana causem o menor impacto poss\u00edvel- afirmou o governador.<\/p>\n\n\n\n<p>Durante a reuni\u00e3o, o governador determinou o refor\u00e7o humanit\u00e1rio para os pr\u00f3ximos dias, com a defini\u00e7\u00e3o de locais que possam servir de abrigos para a popula\u00e7\u00e3o, disponibiliza\u00e7\u00e3o de kits de higiene e de limpeza e refor\u00e7o no atendimento nas unidades de sa\u00fade do Estado, com aumento dos estoques de medicamentos.<\/p>\n\n\n\n<p>O Governo do Estado est\u00e1 monitorando em tempo real, por meio do Centro Estadual de Monitoramento e Alerta de Desastres Naturais (Cemaden-RJ), as condi\u00e7\u00f5es meteorol\u00f3gicas e os n\u00edveis pluviom\u00e9tricos em todo o territ\u00f3rio fluminense, enviando alertas para os munic\u00edpios quando necess\u00e1rio. &nbsp;<\/p>\n\n\n\n<p>&#8211; Estamos mobilizados 24 horas para qualquer necessidade. Nossas equipes est\u00e3o treinadas e capacitadas para agirem caso sejam acionadas &#8211; refor\u00e7ou o secret\u00e1rio de Defesa Civil, coronel Leandro Monteiro.<\/p>\n\n\n\n<p>Em conjunto com as prefeituras da regi\u00e3o Metropolitana e o Governo Federal, o Governo do Estado est\u00e1 desenvolvendo um plano de a\u00e7\u00f5es para atender as demandas das cidades afetadas pelas chuvas do \u00faltimo fim de semana. Um dos pedidos do governador Cl\u00e1udio Castro para a Uni\u00e3o \u00e9 a libera\u00e7\u00e3o de mais de R$ 730 milh\u00f5es do Novo PAC para o projeto de controle de inunda\u00e7\u00f5es e recupera\u00e7\u00e3o ambiental das bacias do rio Igua\u00e7u-Botas e do rio Sarapu\u00ed.<\/p>\n\n\n\n<p><em>N\u00facleo de Imprensa do Governo do Estado do Rio de Janeiro<\/em><\/p>\n","protected":false},"excerpt":{"rendered":"<p>Concession\u00e1rias de \u00e1gua, saneamento, energia e mobilidade foram notificadas pelo governador para acionarem seus planos<\/p>\n","protected":false},"author":2,"featured_media":76133,"comment_status":"open","ping_status":"open","sticky":false,"template":"","format":"standard","meta":{"footnotes":""},"categories":[17],"tags":[],"class_list":["post-76132","post","type-post","status-publish","format-standard","has-post-thumbnail","hentry","category-outras-noticias"],"_links":{"self":[{"href":"https:\/\/tvc16.com\/portal\/wp-json\/wp\/v2\/posts\/76132","targetHints":{"allow":["GET"]}}],"collection":[{"href":"https:\/\/tvc16.com\/portal\/wp-json\/wp\/v2\/posts"}],"about":[{"href":"https:\/\/tvc16.com\/portal\/wp-json\/wp\/v2\/types\/post"}],"author":[{"embeddable":true,"href":"https:\/\/tvc16.com\/portal\/wp-json\/wp\/v2\/users\/2"}],"replies":[{"embeddable":true,"href":"https:\/\/tvc16.com\/portal\/wp-json\/wp\/v2\/comments?post=76132"}],"version-history":[{"count":1,"href":"https:\/\/tvc16.com\/portal\/wp-json\/wp\/v2\/posts\/76132\/revisions"}],"predecessor-version":[{"id":76134,"href":"https:\/\/tvc16.com\/portal\/wp-json\/wp\/v2\/posts\/76132\/revisions\/76134"}],"wp:featuredmedia":[{"embeddable":true,"href":"https:\/\/tvc16.com\/portal\/wp-json\/wp\/v2\/media\/76133"}],"wp:attachment":[{"href":"https:\/\/tvc16.com\/portal\/wp-json\/wp\/v2\/media?parent=76132"}],"wp:term":[{"taxonomy":"category","embeddable":true,"href":"https:\/\/tvc16.com\/portal\/wp-json\/wp\/v2\/categories?post=76132"},{"taxonomy":"post_tag","embeddable":true,"href":"https:\/\/tvc16.com\/portal\/wp-json\/wp\/v2\/tags?post=76132"}],"curies":[{"name":"wp","href":"https:\/\/api.w.org\/{rel}","templated":true}]}}