{"id":76135,"date":"2024-01-19T09:34:46","date_gmt":"2024-01-19T12:34:46","guid":{"rendered":"https:\/\/tvc16.com\/portal\/?p=76135"},"modified":"2024-01-19T09:34:48","modified_gmt":"2024-01-19T12:34:48","slug":"prazo-encerrado-para-plataformas-entregarem-plano-de-adaptacao-sobre-o-tema-ar-condicionado-em-carros-de-aplicativo","status":"publish","type":"post","link":"https:\/\/tvc16.com\/portal\/2024\/01\/19\/prazo-encerrado-para-plataformas-entregarem-plano-de-adaptacao-sobre-o-tema-ar-condicionado-em-carros-de-aplicativo\/","title":{"rendered":"Prazo encerrado para plataformas entregarem plano de adapta\u00e7\u00e3o sobre o tema: ar-condicionado em carros de aplicativo"},"content":{"rendered":"\n<p><em>Associa\u00e7\u00e3o Brasileira de Mobilidade e Tecnologia e Uber se pronunciaram sobre novas normas; j\u00e1 a plataforma 99 n\u00e3o se manifestou<br><\/em><br>Terminou nesta quinta-feira (18) o prazo estabelecido pela Secretaria de Estado de Defesa do Consumidor para plataformas de transporte por aplicativo se pronunciarem sobre a resolu\u00e7\u00e3o que determina informa\u00e7\u00f5es claras sobre o uso de ar-condicionado nos ve\u00edculos. At\u00e9 o momento, apenas a Associa\u00e7\u00e3o Brasileira de Mobilidade e Tecnologia (Amobitec) e a Uber se manifestaram sobre a norma publicada em Di\u00e1rio Oficial no \u00faltimo dia 8.<\/p>\n\n\n\n<p>Em nota, a Amobitec afirmou que o valor da corrida \u00e9 o visualizado pelo passageiro na contrata\u00e7\u00e3o do servi\u00e7o, logo n\u00e3o est\u00e3o previstas cobran\u00e7as adicionais pelo motorista. Sobre o uso do ar-condicionado, a associa\u00e7\u00e3o afirma que as plataformas associadas t\u00eam pol\u00edticas pr\u00f3prias e que s\u00e3o informadas nos respectivos sites. Para completar, ressalta que o motorista parceiro \u00e9 respons\u00e1vel pela manuten\u00e7\u00e3o do carro e o bom funcionamento do ve\u00edculo.<\/p>\n\n\n\n<p>J\u00e1 a Uber declarou o compromisso com a resolu\u00e7\u00e3o e garantiu ser poss\u00edvel solicitar o uso de ar-condicionado em todas as modalidades de viagens intermediadas pela plataforma. E acrescentou: condena veementemente a cobran\u00e7a extra para o uso do equipamento. Mas n\u00e3o afirma se vai tirar de circula\u00e7\u00e3o motoristas que n\u00e3o estiverem com o ar-condicionado funcionando.<\/p>\n\n\n\n<p>Enquanto isso, a 99 n\u00e3o retornou \u00e0 secretaria. Desse modo, a pasta vai comunicar a Amobitec que a plataforma n\u00e3o apresentou posicionamento a respeito do cumprimento da resolu\u00e7\u00e3o. Al\u00e9m de advertir a empresa, a secretaria tamb\u00e9m vai abrir um processo administrativo para apura\u00e7\u00e3o do caso, sob pena da ado\u00e7\u00e3o de medidas legais cab\u00edveis dispostas no C\u00f3digo de Defesa do Consumidor, desde multas at\u00e9 a interrup\u00e7\u00e3o do servi\u00e7o.<\/p>\n\n\n\n<p>-A resolu\u00e7\u00e3o prev\u00ea que as informa\u00e7\u00f5es entre as plataformas, motoristas e passageiros sejam claras e precisas. O consumidor n\u00e3o pode ser surpreendido por cobran\u00e7as extras. Seguimos observando o cumprimento da resolu\u00e7\u00e3o. Diante de novas den\u00fancias, vamos apurar &#8211; afirma o secret\u00e1rio de Estado de Defesa do Consumidor, Gutemberg Fonseca.<\/p>\n\n\n\n<p>At\u00e9 o momento, mais de 400 mensagens sobre ar-condicionado em carros por aplicativo foram enviadas para a secretaria. Os passageiros que se sentirem lesados podem entrar em contato pelo WhatsApp (21) 9336-4848 ou demais canais oficiais da pasta.<\/p>\n\n\n\n<p><strong>N\u00facleo de Imprensa do Governo do Estado do Rio de Janeiro<\/strong><\/p>\n","protected":false},"excerpt":{"rendered":"<p>Associa\u00e7\u00e3o Brasileira de Mobilidade e Tecnologia e Uber se pronunciaram sobre novas normas; j\u00e1 a<\/p>\n","protected":false},"author":2,"featured_media":30062,"comment_status":"open","ping_status":"open","sticky":false,"template":"","format":"standard","meta":{"footnotes":""},"categories":[17],"tags":[],"class_list":["post-76135","post","type-post","status-publish","format-standard","has-post-thumbnail","hentry","category-outras-noticias"],"_links":{"self":[{"href":"https:\/\/tvc16.com\/portal\/wp-json\/wp\/v2\/posts\/76135","targetHints":{"allow":["GET"]}}],"collection":[{"href":"https:\/\/tvc16.com\/portal\/wp-json\/wp\/v2\/posts"}],"about":[{"href":"https:\/\/tvc16.com\/portal\/wp-json\/wp\/v2\/types\/post"}],"author":[{"embeddable":true,"href":"https:\/\/tvc16.com\/portal\/wp-json\/wp\/v2\/users\/2"}],"replies":[{"embeddable":true,"href":"https:\/\/tvc16.com\/portal\/wp-json\/wp\/v2\/comments?post=76135"}],"version-history":[{"count":1,"href":"https:\/\/tvc16.com\/portal\/wp-json\/wp\/v2\/posts\/76135\/revisions"}],"predecessor-version":[{"id":76136,"href":"https:\/\/tvc16.com\/portal\/wp-json\/wp\/v2\/posts\/76135\/revisions\/76136"}],"wp:featuredmedia":[{"embeddable":true,"href":"https:\/\/tvc16.com\/portal\/wp-json\/wp\/v2\/media\/30062"}],"wp:attachment":[{"href":"https:\/\/tvc16.com\/portal\/wp-json\/wp\/v2\/media?parent=76135"}],"wp:term":[{"taxonomy":"category","embeddable":true,"href":"https:\/\/tvc16.com\/portal\/wp-json\/wp\/v2\/categories?post=76135"},{"taxonomy":"post_tag","embeddable":true,"href":"https:\/\/tvc16.com\/portal\/wp-json\/wp\/v2\/tags?post=76135"}],"curies":[{"name":"wp","href":"https:\/\/api.w.org\/{rel}","templated":true}]}}