{"id":76137,"date":"2024-01-19T09:40:05","date_gmt":"2024-01-19T12:40:05","guid":{"rendered":"https:\/\/tvc16.com\/portal\/?p=76137"},"modified":"2024-01-19T09:40:06","modified_gmt":"2024-01-19T12:40:06","slug":"atingida-por-fortes-chuvas-queimados-rj-obtem-reconhecimento-federal-de-situacao-de-emergencia","status":"publish","type":"post","link":"https:\/\/tvc16.com\/portal\/2024\/01\/19\/atingida-por-fortes-chuvas-queimados-rj-obtem-reconhecimento-federal-de-situacao-de-emergencia\/","title":{"rendered":"Atingida por fortes chuvas, Queimados (RJ) obt\u00e9m reconhecimento federal de situa\u00e7\u00e3o de emerg\u00eancia"},"content":{"rendered":"\n<p>C<em>om a medida, cidade est\u00e1 apta a solicitar recursos para atendimento \u00e0 popula\u00e7\u00e3o, restabelecimento de servi\u00e7os e reconstru\u00e7\u00e3o de infraestruturas e moradias<\/em>\u00a0<\/p>\n\n\n\n<p>O Minist\u00e9rio da Integra\u00e7\u00e3o e do Desenvolvimento Regional (MIDR), por meio da Defesa Civil Nacional, reconheceu nesta quinta-feira (18), de forma sum\u00e1ria, a situa\u00e7\u00e3o de emerg\u00eancia da cidade de\u00a0Queimados, no Rio de Janeiro. Com a medida, oito munic\u00edpios do estado atingidos por fortes chuvas nos \u00faltimos dias j\u00e1 tiveram o reconhecimento decretado pelo Governo Federal e podem solicitar recursos para ajuda humanit\u00e1ria, restabelecimento de servi\u00e7os essenciais e reconstru\u00e7\u00e3o de infraestruturas e moradias destru\u00eddas ou danificadas pelo desastre.\u00a0<\/p>\n\n\n\n<p>Na segunda-feira (15), o MIDR reconheceu a situa\u00e7\u00e3o de emerg\u00eancia nas cidades do\u00a0Rio de Janeiro,\u00a0Belford Roxo,\u00a0Nova Igua\u00e7u\u00a0e\u00a0S\u00e3o Jo\u00e3o do Meriti\u00a0e, na ter\u00e7a-feira (16), dos munic\u00edpios de\u00a0Duque de Caxias,\u00a0Nil\u00f3polis\u00a0e\u00a0Mesquita. Outras quatro cidades fluminenses \u2013 S\u00e3o Gon\u00e7alo, Mag\u00e9, Japeri e Paracambi \u2013 devem ter os pedidos reconhecidos assim que enviarem os decretos municipais de reconhecimento de situa\u00e7\u00e3o de emerg\u00eancia.<\/p>\n\n\n\n<p>Na ter\u00e7a-feira (16), o ministro da Integra\u00e7\u00e3o e do Desenvolvimento Regional, Waldez G\u00f3es, liderou uma comitiva interministerial ao estado do Rio de Janeiro, onde se reuniu com o governador Cl\u00e1udio Castro, prefeitos e representantes das Defesas Civis estadual e municipais e visitou \u00e1reas atingidas pelo desastre. Na oportunidade, o ministro Waldez G\u00f3es destacou que o Governo Federal n\u00e3o medir\u00e1 esfor\u00e7os para ajudar a popula\u00e7\u00e3o fluminense.<\/p>\n\n\n\n<p>\u201cPor determina\u00e7\u00e3o do presidente Lula, faremos o que for necess\u00e1rio para atender \u00e0 popula\u00e7\u00e3o. O quanto for necess\u00e1rio n\u00f3s faremos\u201d, destacou Waldez G\u00f3es. \u201cAl\u00e9m dos recursos para a\u00e7\u00f5es de defesa civil, teremos participa\u00e7\u00e3o de outras Pastas. A Sa\u00fade, por exemplo, j\u00e1 est\u00e1 disponibilizando o kit sa\u00fade. E o Bolsa Fam\u00edlia j\u00e1 est\u00e1 sendo disponibilizado\u201d, completou.<\/p>\n\n\n\n<p>Durante a visita, Waldez G\u00f3es participou de reuni\u00e3o para tra\u00e7ar estrat\u00e9gias de atendimento \u00e0 popula\u00e7\u00e3o e anunciou o deslocamento de uma equipe t\u00e9cnica do MIDR \u00e0 Baixada Fluminense, para auxiliar na execu\u00e7\u00e3o dos planos de trabalho necess\u00e1rios para o recebimento de recursos para a\u00e7\u00f5es de defesa civil.<\/p>\n\n\n\n<p><strong>Capacita\u00e7\u00f5es da Defesa Civil Nacional<\/strong><\/p>\n\n\n\n<p>A Defesa Civil Nacional oferece uma s\u00e9rie de cursos a dist\u00e2ncia para habilitar e qualificar agentes municipais e estaduais para o uso do S2iD. As capacita\u00e7\u00f5es t\u00eam como foco os agentes de prote\u00e7\u00e3o e defesa civil nas tr\u00eas esferas de governo. <\/p>\n\n\n\n<p><em>Assessoria de Comunica\u00e7\u00e3o Social\u00a0<\/em><\/p>\n","protected":false},"excerpt":{"rendered":"<p>Com a medida, cidade est\u00e1 apta a solicitar recursos para atendimento \u00e0 popula\u00e7\u00e3o, restabelecimento de<\/p>\n","protected":false},"author":2,"featured_media":76138,"comment_status":"open","ping_status":"open","sticky":false,"template":"","format":"standard","meta":{"footnotes":""},"categories":[17],"tags":[],"class_list":["post-76137","post","type-post","status-publish","format-standard","has-post-thumbnail","hentry","category-outras-noticias"],"_links":{"self":[{"href":"https:\/\/tvc16.com\/portal\/wp-json\/wp\/v2\/posts\/76137","targetHints":{"allow":["GET"]}}],"collection":[{"href":"https:\/\/tvc16.com\/portal\/wp-json\/wp\/v2\/posts"}],"about":[{"href":"https:\/\/tvc16.com\/portal\/wp-json\/wp\/v2\/types\/post"}],"author":[{"embeddable":true,"href":"https:\/\/tvc16.com\/portal\/wp-json\/wp\/v2\/users\/2"}],"replies":[{"embeddable":true,"href":"https:\/\/tvc16.com\/portal\/wp-json\/wp\/v2\/comments?post=76137"}],"version-history":[{"count":1,"href":"https:\/\/tvc16.com\/portal\/wp-json\/wp\/v2\/posts\/76137\/revisions"}],"predecessor-version":[{"id":76139,"href":"https:\/\/tvc16.com\/portal\/wp-json\/wp\/v2\/posts\/76137\/revisions\/76139"}],"wp:featuredmedia":[{"embeddable":true,"href":"https:\/\/tvc16.com\/portal\/wp-json\/wp\/v2\/media\/76138"}],"wp:attachment":[{"href":"https:\/\/tvc16.com\/portal\/wp-json\/wp\/v2\/media?parent=76137"}],"wp:term":[{"taxonomy":"category","embeddable":true,"href":"https:\/\/tvc16.com\/portal\/wp-json\/wp\/v2\/categories?post=76137"},{"taxonomy":"post_tag","embeddable":true,"href":"https:\/\/tvc16.com\/portal\/wp-json\/wp\/v2\/tags?post=76137"}],"curies":[{"name":"wp","href":"https:\/\/api.w.org\/{rel}","templated":true}]}}