{"id":76143,"date":"2024-01-19T10:09:16","date_gmt":"2024-01-19T13:09:16","guid":{"rendered":"https:\/\/tvc16.com\/portal\/?p=76143"},"modified":"2024-01-19T10:09:18","modified_gmt":"2024-01-19T13:09:18","slug":"estado-do-rio-encerra-2023-com-menor-numero-de-mortes-violentas-em-34-anos","status":"publish","type":"post","link":"https:\/\/tvc16.com\/portal\/2024\/01\/19\/estado-do-rio-encerra-2023-com-menor-numero-de-mortes-violentas-em-34-anos\/","title":{"rendered":"Estado do Rio encerra 2023 com menor n\u00famero de mortes violentas em 34 anos"},"content":{"rendered":"\n<p><em>N\u00famero de fuzis apreendidos pelas pol\u00edcias no ano passado \u00e9 o maior dos \u00faltimos 16 anos<br><\/em><\/p>\n\n\n\n<p>O Rio de Janeiro encerrou o ano de 2023 com n\u00fameros positivos para a seguran\u00e7a p\u00fablica estadual. Os crimes contra a vida, ou Letalidade Violenta, alcan\u00e7aram quedas hist\u00f3ricas no ano, com o menor n\u00famero de mortes desde o in\u00edcio da s\u00e9rie hist\u00f3rica do Instituto de Seguran\u00e7a P\u00fablica (ISP), em 1991. O indicador, que engloba homic\u00eddio doloso, les\u00e3o corporal seguida de morte, roubo seguido de morte e morte por interven\u00e7\u00e3o por agente do Estado, registrou uma redu\u00e7\u00e3o de 5% entre janeiro a dezembro de 2023, quando comparado com o mesmo per\u00edodo do ano anterior. \u00c9 importante destacar tamb\u00e9m a queda significativa das mortes por interven\u00e7\u00e3o de agente do Estado nesse per\u00edodo &#8211; foram 461 mortes a menos, ou uma diminui\u00e7\u00e3o de 35% em rela\u00e7\u00e3o ao ano anterior.<\/p>\n\n\n\n<p>A produtividade policial das for\u00e7as de seguran\u00e7a estaduais tamb\u00e9m conquistou resultados positivos no ano passado. O n\u00famero de fuzis retirados das m\u00e3os de criminosos aumentou 28%, alcan\u00e7ando a impressionante marca de 610 armas de longo alcance recolhidas, o maior n\u00famero dos \u00faltimos 16 anos. No mesmo per\u00edodo, 6.281 armas de fogo foram apreendidas no estado do Rio de Janeiro, cerca de 16 por dia. Al\u00e9m disso, as pol\u00edcias Civil e Militar realizaram 36.952 pris\u00f5es em flagrante no ano e recuperaram, no mesmo per\u00edodo, 14.675 ve\u00edculos roubados.<\/p>\n\n\n\n<p>&#8211; A seguran\u00e7a p\u00fablica do Rio de Janeiro vem alcan\u00e7ando nos \u00faltimos anos redu\u00e7\u00f5es hist\u00f3ricas na Letalidade Violenta e isso precisa sempre ser destacado, pois n\u00e3o \u00e9 um fato trivial. J\u00e1 investimos mais de R$ 2,5 bilh\u00f5es em tecnologia, reformas de batalh\u00f5es e delegacias e equipamentos de prote\u00e7\u00e3o para os policiais. Al\u00e9m disso, criamos uma nova secretaria de Seguran\u00e7a P\u00fablica, enxuta, para promover uma integra\u00e7\u00e3o maior entre as pol\u00edcias Civil e Militar &#8211; destacou o governador Cl\u00e1udio Castro.<\/p>\n\n\n\n<p>Os crimes contra o patrim\u00f4nio tamb\u00e9m fecharam o ano de 2023 com dados positivos. Os roubos de carga ca\u00edram 24%. Foram 3.225 casos, 1.004 roubos a menos quando comparado com 2022. Este foi o menor n\u00famero de casos para o ano desde 2011. J\u00e1 os roubos de rua (roubo de aparelho celular, roubo a transeunte e roubo em coletivo) reduziram 17%, registrando o menor n\u00famero de casos desde 2004, e os roubos de ve\u00edculos diminu\u00edram 12%, quando comparado com o mesmo per\u00edodo do ano passado &#8211; foi o menor n\u00famero de casos para o ano desde 2012.<\/p>\n\n\n\n<p>&#8211; N\u00e3o h\u00e1 d\u00favida que as pol\u00edcias Civil e Militar est\u00e3o desempenhando um \u00f3timo trabalho. Nosso grande desafio \u00e9 fazer com que esses n\u00fameros positivos se transformem em sensa\u00e7\u00e3o de seguran\u00e7a para a popula\u00e7\u00e3o. E \u00e9 nisso que estamos trabalhando, coordenando as a\u00e7\u00f5es das pol\u00edcias &#8211; acrescentou o secret\u00e1rio de Seguran\u00e7a P\u00fablica, Victor Cesar dos Santos.<\/p>\n\n\n\n<p>A diretora-presidente do ISP, Marcela Ortiz, tamb\u00e9m destacou o trabalho integrado:<\/p>\n\n\n\n<p>&#8211; A integra\u00e7\u00e3o das for\u00e7as estaduais de seguran\u00e7a e o uso dos dados com base em evid\u00eancias para aprimorar o policiamento auxiliam a reduzir os crimes que impactam diretamente na percep\u00e7\u00e3o de seguran\u00e7a da popula\u00e7\u00e3o.<\/p>\n\n\n\n<p><strong>Principais indicadores:<\/strong><\/p>\n\n\n\n<p>Letalidade violenta: 4.257 mortes em 2023 e 337 em dezembro de 2023. Na compara\u00e7\u00e3o com dezembro de 2022, o indicador registrou redu\u00e7\u00e3o de 3%. No acumulado do ano, a diminui\u00e7\u00e3o foi de 5%. Foi o menor n\u00famero de mortes para o acumulado desde o in\u00edcio da s\u00e9rie hist\u00f3rica, em 1991.<\/p>\n\n\n\n<p>Morte por interven\u00e7\u00e3o de agente do Estado: 869 mortes em 2023 e 53 em dezembro de 2023. Na compara\u00e7\u00e3o com dezembro de 2022, o indicador registrou redu\u00e7\u00e3o de 46%. No acumulado do ano, a diminui\u00e7\u00e3o foi 35%. Estes foram os menores n\u00fameros para o m\u00eas e para o acumulado desde 2015.<\/p>\n\n\n\n<p>Roubo de rua: 51.689 casos em 2023 e 4.069 em dezembro de 2023. Na compara\u00e7\u00e3o com dezembro de 2022, o indicador registrou redu\u00e7\u00e3o de 17%. No acumulado do ano, a diminui\u00e7\u00e3o foi de 17%. Estes foram os menores n\u00fameros de casos para o m\u00eas e para o acumulado desde 2004.<\/p>\n\n\n\n<p>Roubo de carga: 3.225 casos em 2023 e 244 em dezembro de 2023. Na compara\u00e7\u00e3o com dezembro de 2022, o indicador registrou redu\u00e7\u00e3o de 50%. No acumulado do ano, a diminui\u00e7\u00e3o foi de 24%. Estes foram os menores n\u00fameros de casos para o m\u00eas desde 2011 e para o acumulado desde 1999.<\/p>\n\n\n\n<p>Roubo de ve\u00edculo: 22.250 casos em 2023 e 1.672 em dezembro de 2023. Na compara\u00e7\u00e3o com dezembro de 2023, o indicador registrou redu\u00e7\u00e3o de 25%. No acumulado do ano, a diminui\u00e7\u00e3o foi de 12%. Estes foram os menores n\u00fameros de casos para o m\u00eas desde 2011 e para o acumulado desde 2012.<\/p>\n\n\n\n<p>Armas apreendidas: 6.281 apreens\u00f5es em 2023. Por dia, foram 16 armas retiradas de circula\u00e7\u00e3o.<\/p>\n\n\n\n<p>Fuzis apreendidos: 610 apreens\u00f5es em 2023. Na compara\u00e7\u00e3o com 2022, o indicador registrou aumento de 28%. Em m\u00e9dia, foram dois fuzis apreendidos por dia.<\/p>\n\n\n\n<p>Pris\u00e3o em flagrante: 36.952 pris\u00f5es em 2023. Na compara\u00e7\u00e3o com 2022, o indicador registrou aumento de 8%. Por dia, as pol\u00edcias civil e militar prenderam cerca de 94 pessoas em flagrante.<\/p>\n\n\n\n<p>Recupera\u00e7\u00e3o de ve\u00edculos: 14.675 ve\u00edculos recuperados em 2023. Na compara\u00e7\u00e3o com 2022, o indicador registrou aumento de 11%.<\/p>\n\n\n\n<p><em>N\u00facleo de Imprensa do Governo do Estado do Rio de Janeiro<\/em><\/p>\n","protected":false},"excerpt":{"rendered":"<p>N\u00famero de fuzis apreendidos pelas pol\u00edcias no ano passado \u00e9 o maior dos \u00faltimos 16<\/p>\n","protected":false},"author":2,"featured_media":76144,"comment_status":"open","ping_status":"open","sticky":false,"template":"","format":"standard","meta":{"footnotes":""},"categories":[17],"tags":[],"class_list":["post-76143","post","type-post","status-publish","format-standard","has-post-thumbnail","hentry","category-outras-noticias"],"_links":{"self":[{"href":"https:\/\/tvc16.com\/portal\/wp-json\/wp\/v2\/posts\/76143","targetHints":{"allow":["GET"]}}],"collection":[{"href":"https:\/\/tvc16.com\/portal\/wp-json\/wp\/v2\/posts"}],"about":[{"href":"https:\/\/tvc16.com\/portal\/wp-json\/wp\/v2\/types\/post"}],"author":[{"embeddable":true,"href":"https:\/\/tvc16.com\/portal\/wp-json\/wp\/v2\/users\/2"}],"replies":[{"embeddable":true,"href":"https:\/\/tvc16.com\/portal\/wp-json\/wp\/v2\/comments?post=76143"}],"version-history":[{"count":1,"href":"https:\/\/tvc16.com\/portal\/wp-json\/wp\/v2\/posts\/76143\/revisions"}],"predecessor-version":[{"id":76145,"href":"https:\/\/tvc16.com\/portal\/wp-json\/wp\/v2\/posts\/76143\/revisions\/76145"}],"wp:featuredmedia":[{"embeddable":true,"href":"https:\/\/tvc16.com\/portal\/wp-json\/wp\/v2\/media\/76144"}],"wp:attachment":[{"href":"https:\/\/tvc16.com\/portal\/wp-json\/wp\/v2\/media?parent=76143"}],"wp:term":[{"taxonomy":"category","embeddable":true,"href":"https:\/\/tvc16.com\/portal\/wp-json\/wp\/v2\/categories?post=76143"},{"taxonomy":"post_tag","embeddable":true,"href":"https:\/\/tvc16.com\/portal\/wp-json\/wp\/v2\/tags?post=76143"}],"curies":[{"name":"wp","href":"https:\/\/api.w.org\/{rel}","templated":true}]}}