{"id":76148,"date":"2024-01-20T07:00:00","date_gmt":"2024-01-20T10:00:00","guid":{"rendered":"https:\/\/tvc16.com\/portal\/?p=76148"},"modified":"2024-01-19T10:27:08","modified_gmt":"2024-01-19T13:27:08","slug":"funcionamento-do-metrorio-para-os-desfiles-dos-megablocos-de-rua-neste-fim-de-semana-de-feriado-de-sao-sebastiao","status":"publish","type":"post","link":"https:\/\/tvc16.com\/portal\/2024\/01\/20\/funcionamento-do-metrorio-para-os-desfiles-dos-megablocos-de-rua-neste-fim-de-semana-de-feriado-de-sao-sebastiao\/","title":{"rendered":"Funcionamento do Metr\u00f4Rio para os desfiles dos megablocos de rua neste fim de semana de feriado de S\u00e3o Sebasti\u00e3o"},"content":{"rendered":"\n<p><em>Concession\u00e1ria lan\u00e7a campanha de carnaval para conscientizar os clientes no per\u00edodo de folia<\/em>&nbsp;<\/p>\n\n\n\n<p>O Metr\u00f4Rio \u00e9 o principal meio de transporte para atender aos clientes que v\u00e3o curtir os megablocos neste fim de semana de feriado de S\u00e3o Sebasti\u00e3o (20 e 21) no Centro do Rio. A recomenda\u00e7\u00e3o da concession\u00e1ria \u00e9 que os foli\u00f5es utilizem a esta\u00e7\u00e3o Carioca\/Centro para embarque e desembarque. A esta\u00e7\u00e3o contar\u00e1 com estrutura especial, com equipamentos de controle de fluxo, comunica\u00e7\u00e3o exclusiva e equipe refor\u00e7ada. J\u00e1 a esta\u00e7\u00e3o Cinel\u00e2ndia\/Centro funcionar\u00e1 para embarque somente com cart\u00f5es pr\u00e9-adquiridos ou m\u00e9todo de pagamento por aproxima\u00e7\u00e3o (NFC), das 7h \u00e0s 20h, pelo acesso E (Presidente Wilson).<\/p>\n\n\n\n<p>Tanto neste s\u00e1bado quanto no domingo, a linha 2 vai operar entre Pavuna e General Os\u00f3rio\/Ipanema, e as linhas 1 e 4 seguir\u00e3o o trajeto Uruguai-Jardim Oce\u00e2nico\/Barra da Tijuca. A transfer\u00eancia entre as linhas 1 e 2 poder\u00e1 ser feita no trecho entre as esta\u00e7\u00f5es Central do Brasil\/Centro e General Os\u00f3rio\/Ipanema.<\/p>\n\n\n\n<p>No s\u00e1bado (20), feriado de S\u00e3o Sebasti\u00e3o, o Metr\u00f4Rio funcionar\u00e1 das 7h \u00e0s 23h, como de praxe aos feriados. J\u00e1 no domingo (21), a opera\u00e7\u00e3o da concession\u00e1ria tamb\u00e9m ser\u00e1 das 7h \u00e0s 23h, no entanto, haver\u00e1 extens\u00e3o de hor\u00e1rio de embarque nas esta\u00e7\u00f5es Central do Brasil\/Centro e Pra\u00e7a Onze at\u00e9 meia-noite. As demais esta\u00e7\u00f5es do sistema metrovi\u00e1rio funcionar\u00e3o apenas para desembarque ap\u00f3s as 23h. O objetivo \u00e9 atender aos clientes que v\u00e3o participar ou assistir os ensaios t\u00e9cnicos das escolas de samba do Grupo Especial na Marqu\u00eas de Sapuca\u00ed. O esquema tamb\u00e9m ser\u00e1 adotado aos domingos seguintes: 28\/01 e 04\/02.<\/p>\n\n\n\n<p>As linhas de \u00f4nibus do Metr\u00f4 na Superf\u00edcie (Antero de Quental\/Leblon-G\u00e1vea e Botafogo-G\u00e1vea) v\u00e3o operar das 7h \u00e0s 22h30 no s\u00e1bado e no domingo.<\/p>\n\n\n\n<p><strong>Campanha de carnaval do Metr\u00f4Rio<\/strong><\/p>\n\n\n\n<p>Com objetivo de estimular o uso do metr\u00f4 e conscientizar os clientes neste per\u00edodo de folia, o Metr\u00f4Rio lan\u00e7a sua campanha de carnaval 2024. De maneira l\u00fadica, as a\u00e7\u00f5es institucionais contam com mensagens de \u00e1udio e ilustra\u00e7\u00f5es espalhadas pelas esta\u00e7\u00f5es, trens e redes sociais do Metr\u00f4Rio e d\u00e3o recados sobre regras de seguran\u00e7a e de boa conviv\u00eancia no sistema. Entre elas est\u00e3o por exemplo: jamais acessar a via; n\u00e3o segurar a porta do vag\u00e3o, aten\u00e7\u00e3o nas escadas, n\u00e3o brigar ou cometer ass\u00e9dio.<\/p>\n\n\n\n<p>Al\u00e9m disso, a campanha destaca o esquema de funcionamento e a facilidade de pagamento. A concession\u00e1ria recomenda que os clientes usem o m\u00e9todo por aproxima\u00e7\u00e3o, presente nos cart\u00f5es de cr\u00e9dito e d\u00e9bito Visa, Elo e Mastercard ou dispositivos como celulares, rel\u00f3gios e pulseiras, com a tecnologia NFC, ou comprem e recarreguem seus cart\u00f5es de passagem Giro, unit\u00e1rio do Metr\u00f4Rio ou o Riocard Mais com anteced\u00eancia, priorizando tamb\u00e9m comprar a volta antecipada, facilitando a entrada no sistema.<\/p>\n\n\n\n<p><strong>SERVI\u00c7O<\/strong><\/p>\n\n\n\n<p><strong>Funcionamento do metr\u00f4 neste fim de semana de desfiles dos megablocos de rua no Centro do Rio<\/strong>&nbsp;<\/p>\n\n\n\n<p><strong>Metr\u00f4 &#8211; Linhas 1, 2 e 4<\/strong><\/p>\n\n\n\n<p><strong>S\u00e1bado &#8211; feriado de S\u00e3o Sebasti\u00e3o (20):\u00a0<\/strong>das 7h \u00e0s 23h<\/p>\n\n\n\n<p><strong>Domingo (21):<\/strong>\u00a0das 7h \u00e0s 23h, com extens\u00e3o de hor\u00e1rio para embarque nas esta\u00e7\u00f5es Central do Brasil\/Centro e Pra\u00e7a Onze at\u00e9 meia-noite, e as demais esta\u00e7\u00f5es apenas para desembarque ap\u00f3s as 23h.<\/p>\n\n\n\n<p><strong>Transfer\u00eancia entre as linhas 1 e 2<\/strong><\/p>\n\n\n\n<p><strong>S\u00e1bado &#8211; feriado de S\u00e3o Sebasti\u00e3o (20\/01) e domingo (21\/01):<\/strong>&nbsp;no trecho compartilhado entre Central do Brasil\/Centro e General Os\u00f3rio\/Ipanema<\/p>\n\n\n\n<p><strong>Metr\u00f4 na Superf\u00edcie (MNS) &#8211; Antero de Quental\/G\u00e1vea e Botafogo\/G\u00e1vea<\/strong>&nbsp;<\/p>\n\n\n\n<p><strong>S\u00e1bado &#8211; feriado de S\u00e3o Sebasti\u00e3o (20) e domingo (21):<\/strong>\u00a0das 7h \u00e0s 22h30<\/p>\n","protected":false},"excerpt":{"rendered":"<p>Concession\u00e1ria lan\u00e7a campanha de carnaval para conscientizar os clientes no per\u00edodo de folia&nbsp; O Metr\u00f4Rio<\/p>\n","protected":false},"author":2,"featured_media":63079,"comment_status":"open","ping_status":"open","sticky":false,"template":"","format":"standard","meta":{"footnotes":""},"categories":[17],"tags":[],"class_list":["post-76148","post","type-post","status-publish","format-standard","has-post-thumbnail","hentry","category-outras-noticias"],"_links":{"self":[{"href":"https:\/\/tvc16.com\/portal\/wp-json\/wp\/v2\/posts\/76148","targetHints":{"allow":["GET"]}}],"collection":[{"href":"https:\/\/tvc16.com\/portal\/wp-json\/wp\/v2\/posts"}],"about":[{"href":"https:\/\/tvc16.com\/portal\/wp-json\/wp\/v2\/types\/post"}],"author":[{"embeddable":true,"href":"https:\/\/tvc16.com\/portal\/wp-json\/wp\/v2\/users\/2"}],"replies":[{"embeddable":true,"href":"https:\/\/tvc16.com\/portal\/wp-json\/wp\/v2\/comments?post=76148"}],"version-history":[{"count":1,"href":"https:\/\/tvc16.com\/portal\/wp-json\/wp\/v2\/posts\/76148\/revisions"}],"predecessor-version":[{"id":76149,"href":"https:\/\/tvc16.com\/portal\/wp-json\/wp\/v2\/posts\/76148\/revisions\/76149"}],"wp:featuredmedia":[{"embeddable":true,"href":"https:\/\/tvc16.com\/portal\/wp-json\/wp\/v2\/media\/63079"}],"wp:attachment":[{"href":"https:\/\/tvc16.com\/portal\/wp-json\/wp\/v2\/media?parent=76148"}],"wp:term":[{"taxonomy":"category","embeddable":true,"href":"https:\/\/tvc16.com\/portal\/wp-json\/wp\/v2\/categories?post=76148"},{"taxonomy":"post_tag","embeddable":true,"href":"https:\/\/tvc16.com\/portal\/wp-json\/wp\/v2\/tags?post=76148"}],"curies":[{"name":"wp","href":"https:\/\/api.w.org\/{rel}","templated":true}]}}