{"id":7615,"date":"2020-12-06T12:09:59","date_gmt":"2020-12-06T15:09:59","guid":{"rendered":"https:\/\/tvc16.com\/portal\/?p=7615"},"modified":"2020-12-06T12:10:02","modified_gmt":"2020-12-06T15:10:02","slug":"mesarios-que-faltaram-ao-trabalho-nas-eleicoes-tem-ate-7-de-janeiro-para-justificar-ausencia-2","status":"publish","type":"post","link":"https:\/\/tvc16.com\/portal\/2020\/12\/06\/mesarios-que-faltaram-ao-trabalho-nas-eleicoes-tem-ate-7-de-janeiro-para-justificar-ausencia-2\/","title":{"rendered":"Mes\u00e1rios que faltaram ao trabalho nas elei\u00e7\u00f5es t\u00eam at\u00e9 7 de janeiro para justificar aus\u00eancia"},"content":{"rendered":"\n<p>\u00c9 poss\u00edvel justificar a falta por meio do Cart\u00f3rio Eleitoral Virtual, dispon\u00edvel na p\u00e1gina de cada TRE<\/p>\n\n\n\n<p>Os mes\u00e1rios que faltaram ao trabalho no segundo turno das Elei\u00e7\u00f5es Municipais de 2020 devem justificar a aus\u00eancia ao juiz da sua zona eleitoral, na p\u00e1gina do Cart\u00f3rio Eleitoral Virtual, dispon\u00edvel nos sites dos Tribunais Regionais Eleitorais (TREs). O mesmo vale para os mes\u00e1rios que abandonaram a se\u00e7\u00e3o eleitoral durante a vota\u00e7\u00e3o.<\/p>\n\n\n\n<p><br>\u00a0Os mes\u00e1rios que estavam escalados, mas n\u00e3o foram trabalhar no segundo turno, devem justificar a falta at\u00e9 7 de janeiro de 2021. Para aqueles que deixaram o servi\u00e7o da se\u00e7\u00e3o eleitoral durante o dia, o prazo m\u00e1ximo para envio da justificativa j\u00e1 se encerrou na \u00faltima quarta-feira (2)<br>\u00a0<br>De acordo com o C\u00f3digo Eleitoral, o mes\u00e1rio que falta \u00e0 convoca\u00e7\u00e3o tem at\u00e9 30 dias ap\u00f3s o pleito para apresentar uma justa causa o juiz eleitoral. N\u00e3o apresentar justificativa pode levar \u00e0 multa de 50% a um sal\u00e1rio m\u00ednimo.\u00a0<\/p>\n\n\n\n<p>Fonte: <a href=\"https:\/\/brasil61.com\/noticias\/mesarios-que-faltaram-ao-trabalho-nas-eleicoes-tem-ate-7-de-janeiro-para-justificar-ausencia-bras202881?email=bethdeoliveira@yahoo.com.br&amp;utm_source=newsletter&amp;utm_medium=newsletter&amp;utm_campaign=newsletter\" target=\"_blank\" rel=\"noreferrer noopener\">Brasil 61<\/a><\/p>\n","protected":false},"excerpt":{"rendered":"<p>\u00c9 poss\u00edvel justificar a falta por meio do Cart\u00f3rio Eleitoral Virtual, dispon\u00edvel na p\u00e1gina de<\/p>\n","protected":false},"author":2,"featured_media":7616,"comment_status":"open","ping_status":"open","sticky":false,"template":"","format":"standard","meta":{"footnotes":""},"categories":[15],"tags":[],"class_list":["post-7615","post","type-post","status-publish","format-standard","has-post-thumbnail","hentry","category-politica"],"_links":{"self":[{"href":"https:\/\/tvc16.com\/portal\/wp-json\/wp\/v2\/posts\/7615","targetHints":{"allow":["GET"]}}],"collection":[{"href":"https:\/\/tvc16.com\/portal\/wp-json\/wp\/v2\/posts"}],"about":[{"href":"https:\/\/tvc16.com\/portal\/wp-json\/wp\/v2\/types\/post"}],"author":[{"embeddable":true,"href":"https:\/\/tvc16.com\/portal\/wp-json\/wp\/v2\/users\/2"}],"replies":[{"embeddable":true,"href":"https:\/\/tvc16.com\/portal\/wp-json\/wp\/v2\/comments?post=7615"}],"version-history":[{"count":1,"href":"https:\/\/tvc16.com\/portal\/wp-json\/wp\/v2\/posts\/7615\/revisions"}],"predecessor-version":[{"id":7617,"href":"https:\/\/tvc16.com\/portal\/wp-json\/wp\/v2\/posts\/7615\/revisions\/7617"}],"wp:featuredmedia":[{"embeddable":true,"href":"https:\/\/tvc16.com\/portal\/wp-json\/wp\/v2\/media\/7616"}],"wp:attachment":[{"href":"https:\/\/tvc16.com\/portal\/wp-json\/wp\/v2\/media?parent=7615"}],"wp:term":[{"taxonomy":"category","embeddable":true,"href":"https:\/\/tvc16.com\/portal\/wp-json\/wp\/v2\/categories?post=7615"},{"taxonomy":"post_tag","embeddable":true,"href":"https:\/\/tvc16.com\/portal\/wp-json\/wp\/v2\/tags?post=7615"}],"curies":[{"name":"wp","href":"https:\/\/api.w.org\/{rel}","templated":true}]}}