{"id":76153,"date":"2024-01-20T12:00:00","date_gmt":"2024-01-20T15:00:00","guid":{"rendered":"https:\/\/tvc16.com\/portal\/?p=76153"},"modified":"2024-01-20T00:47:18","modified_gmt":"2024-01-20T03:47:18","slug":"verao-rio-2024-tera-shows-de-theo-bial-delacruz-gabriel-elias-e-muito-mais","status":"publish","type":"post","link":"https:\/\/tvc16.com\/portal\/2024\/01\/20\/verao-rio-2024-tera-shows-de-theo-bial-delacruz-gabriel-elias-e-muito-mais\/","title":{"rendered":"Ver\u00e3o Rio 2024 ter\u00e1 shows de Theo Bial, Delacruz, Gabriel Elias e muito mais"},"content":{"rendered":"\n<p>O Ver\u00e3o Rio est\u00e1 de volta para mais uma edi\u00e7\u00e3o, prometendo animar a esta\u00e7\u00e3o mais quente do ano. O evento acontece no Posto 10 da Praia de Ipanema e marca presen\u00e7a tamb\u00e9m no posto 3 da Praia da Barra da Tijuca, que passa a contar com pocket shows na programa\u00e7\u00e3o.<\/p>\n\n\n\n<p>Durante os fins de semana, nos dias 20, 21, 27 e 28 de janeiro, os cariocas e visitantes poder\u00e3o aproveitar o p\u00f4r-do-sol na Praia de Ipanema com uma programa\u00e7\u00e3o gratuita repleta de atra\u00e7\u00f5es musicais, atividades esportivas e muita anima\u00e7\u00e3o. A partir das 16h, na \u00e1rea esportiva, a Arena SulAm\u00e9rica contar\u00e1 com futmesas, grupos de altinha, aulas de futev\u00f4lei e beach t\u00eanis. J\u00e1 a partir das 17h30, o Palco Santander d\u00e1 espa\u00e7o \u00e0s aulas de zumba, que prometem animar a todos, e apresenta\u00e7\u00f5es de artistas como Nagy, Theo Bial, Pagode da Beta, Delacruz, Gabriel Elias e os DJs Marcelo Lyrio, Sarah Ferreira e Michell.<\/p>\n\n\n\n<p>J\u00e1 na Barra da Tijuca, o evento acontece no Posto 3, nos dias 3 e 4 de fevereiro, com a\u00e7\u00f5es gratuitas que v\u00e3o das 8h \u00e0s 18h. No local, o p\u00fablico poder\u00e1 participar de aulas de yoga, al\u00e9m das mesmas atividades esportivas oferecidas em Ipanema nos fins de semana anteriores, na Arena SulAm\u00e9rica. Pedro Lima, Lica Tito e os DJs Michell e Marcelo Lyrio tamb\u00e9m estar\u00e3o nos pocket shows do evento, no Palco Santander.<\/p>\n\n\n\n<p>O projeto Ver\u00e3o Rio tem apresenta\u00e7\u00e3o da Prefeitura do Rio de Janeiro e Secretaria Municipal de Cultura, cidade anfitri\u00e3 atrav\u00e9s da Prefeitura do Rio, patroc\u00ednio master de Santander e SulAm\u00e9rica, apoio de tintas Coral, LaFrutta de Sorvetes Nestl\u00e9, Solar Expertise e Elseve Pure Hialur\u00f4nico de L&#8217;Or\u00e9al Paris, coprodu\u00e7\u00e3o Incontext e realiza\u00e7\u00e3o do Globo e R\u00e1dio Globo. A programa\u00e7\u00e3o e mais informa\u00e7\u00f5es podem ser acompanhadas no&nbsp;<a href=\"https:\/\/s2401.imxsnd03.com\/link.php?code=bDpodHRwcyUzQSUyRiUyRm9nbG9iby5nbG9iby5jb20lMkZwcm9qZXRvcyUyRnZlcmFvcmlvJTJGaW5kZXguaHRtbDoyNjcxMTgzMzI0OnR2Y2NvcnJlaW9kYW1hbmhhQGdtYWlsLmNvbTpiNzA5NTc6NmE=\" target=\"_blank\" rel=\"noreferrer noopener\"><u>site oficial<\/u><\/a>&nbsp;e nas redes sociais \u2013&nbsp;<a href=\"https:\/\/s2401.imxsnd03.com\/link.php?code=bDpodHRwcyUzQSUyRiUyRnd3dy5pbnN0YWdyYW0uY29tJTJGdmVyYW9yaW9fb2dsb2JvJTNGaWdzaCUzRGN6VjBPR2s1WkdkNFpXWno6MjY3MTE4MzMyNDp0dmNjb3JyZWlvZGFtYW5oYUBnbWFpbC5jb206MjcwZGVhOjZh\" target=\"_blank\" rel=\"noreferrer noopener\"><u>Instagram<\/u><\/a>&nbsp;e&nbsp;<a href=\"https:\/\/s2401.imxsnd03.com\/link.php?code=bDpodHRwcyUzQSUyRiUyRnd3dy5mYWNlYm9vay5jb20lMkZ2ZXJhb3Jpb29nbG9ibyUzRm1pYmV4dGlkJTNETFFRSjRkOjI2NzExODMzMjQ6dHZjY29ycmVpb2RhbWFuaGFAZ21haWwuY29tOjdkOTEwZTo2YQ==\" target=\"_blank\" rel=\"noreferrer noopener\"><u>Facebook<\/u><\/a>.<\/p>\n\n\n\n<p><strong><u>Servi\u00e7o<\/u><\/strong><\/p>\n\n\n\n<p><strong>Ver\u00e3o Rio 2024<\/strong><\/p>\n\n\n\n<p><strong>Datas:<\/strong>&nbsp;20, 21, 27 e 28 de janeiro<\/p>\n\n\n\n<p><strong>Hor\u00e1rio:<\/strong>&nbsp;16h \u00e0s 20h<\/p>\n\n\n\n<p><strong>Local:<\/strong>&nbsp;Posto 10 &#8211; Praia de Ipanema<\/p>\n\n\n\n<p><strong>Programa\u00e7\u00e3o Esportiva<\/strong><\/p>\n\n\n\n<p>Dias20, 21, 27 e 28 de janeiro<\/p>\n\n\n\n<p>16h &#8211; Abertura do evento e da \u00e1rea de esportes<\/p>\n\n\n\n<p>16h \u00e0s 18h &#8211; Futmesa e Altinha<\/p>\n\n\n\n<p>16h \u00e0s 17h &#8211; 1\u00aa aula de Futev\u00f4lei e Beach Tennis*<\/p>\n\n\n\n<p>17h \u00e0s 18h &#8211; 2\u00aa aula de Futev\u00f4lei e Beach Tennis*<\/p>\n\n\n\n<p>18h &#8211; Encerramento das atividades esportivas<\/p>\n\n\n\n<p>*Inscri\u00e7\u00f5es no local<\/p>\n\n\n\n<p>*Sujeito a lota\u00e7\u00e3o<br>&nbsp;<\/p>\n\n\n\n<p><strong>Programa\u00e7\u00e3o Art\u00edstica<\/strong><\/p>\n\n\n\n<p>S\u00e1bado &#8211; 20\/01<\/p>\n\n\n\n<p>17H30 &#8211; ZUMBA<br>18h &#8211; NAGY<br>19h &#8211; THEO BIAL<br>20h \u2013 DJ MARCELO LYRIO<br>&nbsp;<\/p>\n\n\n\n<p>Domingo &#8211; 21\/01<\/p>\n\n\n\n<p>17H &#8211; ZUMBA<br>17h30 &#8211; DJ SARAH FERREIRA<br>19h &#8211; PAGODE DA BETA<br>20h \u2013 DJ MICHELL<br>&nbsp;<\/p>\n\n\n\n<p>S\u00e1bado &#8211; 27\/01<\/p>\n\n\n\n<p>17H &#8211; ZUMBA<br>17h30 &#8211; DJ SARAH FERREIRA<br>19h &#8211; DELACRUZ<br>20h \u2013 DJ MICHELL<br>&nbsp;<\/p>\n\n\n\n<p>Domingo &#8211; 28\/01<\/p>\n\n\n\n<p>17H &#8211; ZUMBA<br>17h30 &#8211; DJ SARAH FERREIRA<br>19h &#8211; GABRIEL ELIAS<br>20h \u2013 DJ MARCELO LYRIO<\/p>\n\n\n\n<p><strong>Ver\u00e3o Rio 2024<\/strong><\/p>\n\n\n\n<p><strong>Datas:<\/strong>&nbsp;03 e 04 de fevereiro<\/p>\n\n\n\n<p><strong>Hor\u00e1rio:<\/strong>&nbsp;08h \u00e0s 18h<\/p>\n\n\n\n<p><strong>Local:<\/strong>\u00a0Posto 02 &#8211; Praia da Barra da Tijuca<\/p>\n\n\n\n<p><strong>Programa\u00e7\u00e3o Esportiva<\/strong><\/p>\n\n\n\n<p>Dias 03 e 04 de fevereiro<\/p>\n\n\n\n<p>8h \u00e0s 9h &#8211; Aula de Yoga<\/p>\n\n\n\n<p>9h &#8211; Abertura da \u00e1rea de esportes<\/p>\n\n\n\n<p>9h \u00e0s 11h &#8211; Futmesa e Altinha<\/p>\n\n\n\n<p>9h \u00e0s 10h &#8211; 1\u00aa aula de Futev\u00f4lei e Beach Tennis*<\/p>\n\n\n\n<p>10h \u00e0s 11h &#8211; 2\u00aa aula de Futev\u00f4lei e Beach Tennis*<\/p>\n\n\n\n<p>11h &#8211; Encerramento das atividades esportivas<br><\/p>\n\n\n\n<p><strong>Programa\u00e7\u00e3o Art\u00edstica<\/strong><\/p>\n\n\n\n<p>S\u00e1bado &#8211; 03\/02<\/p>\n\n\n\n<p>15H30 &#8211; ZUMBA (Aula)<br>16H &#8211; DJ MICHELL<br>17H \u2013 PEDRO LIMA\u00a0<\/p>\n\n\n\n<p>Domingo &#8211; 04\/02<\/p>\n\n\n\n<p>15h &#8211; ZUMBA (Aula)<br>15H30 &#8211; DJ MARCELO LYRIO<br>16H30 \u2013 LICA TITO<\/p>\n","protected":false},"excerpt":{"rendered":"<p>O Ver\u00e3o Rio est\u00e1 de volta para mais uma edi\u00e7\u00e3o, prometendo animar a esta\u00e7\u00e3o mais<\/p>\n","protected":false},"author":2,"featured_media":76154,"comment_status":"open","ping_status":"open","sticky":false,"template":"","format":"standard","meta":{"footnotes":""},"categories":[17],"tags":[],"class_list":["post-76153","post","type-post","status-publish","format-standard","has-post-thumbnail","hentry","category-outras-noticias"],"_links":{"self":[{"href":"https:\/\/tvc16.com\/portal\/wp-json\/wp\/v2\/posts\/76153","targetHints":{"allow":["GET"]}}],"collection":[{"href":"https:\/\/tvc16.com\/portal\/wp-json\/wp\/v2\/posts"}],"about":[{"href":"https:\/\/tvc16.com\/portal\/wp-json\/wp\/v2\/types\/post"}],"author":[{"embeddable":true,"href":"https:\/\/tvc16.com\/portal\/wp-json\/wp\/v2\/users\/2"}],"replies":[{"embeddable":true,"href":"https:\/\/tvc16.com\/portal\/wp-json\/wp\/v2\/comments?post=76153"}],"version-history":[{"count":1,"href":"https:\/\/tvc16.com\/portal\/wp-json\/wp\/v2\/posts\/76153\/revisions"}],"predecessor-version":[{"id":76155,"href":"https:\/\/tvc16.com\/portal\/wp-json\/wp\/v2\/posts\/76153\/revisions\/76155"}],"wp:featuredmedia":[{"embeddable":true,"href":"https:\/\/tvc16.com\/portal\/wp-json\/wp\/v2\/media\/76154"}],"wp:attachment":[{"href":"https:\/\/tvc16.com\/portal\/wp-json\/wp\/v2\/media?parent=76153"}],"wp:term":[{"taxonomy":"category","embeddable":true,"href":"https:\/\/tvc16.com\/portal\/wp-json\/wp\/v2\/categories?post=76153"},{"taxonomy":"post_tag","embeddable":true,"href":"https:\/\/tvc16.com\/portal\/wp-json\/wp\/v2\/tags?post=76153"}],"curies":[{"name":"wp","href":"https:\/\/api.w.org\/{rel}","templated":true}]}}