{"id":76157,"date":"2024-01-19T11:27:41","date_gmt":"2024-01-19T14:27:41","guid":{"rendered":"https:\/\/tvc16.com\/portal\/?p=76157"},"modified":"2024-01-19T13:53:15","modified_gmt":"2024-01-19T16:53:15","slug":"autoridades-denunciam-a-precariedade-do-hospital-municipal-raul-serta-em-nova-friburgo","status":"publish","type":"post","link":"https:\/\/tvc16.com\/portal\/2024\/01\/19\/autoridades-denunciam-a-precariedade-do-hospital-municipal-raul-serta-em-nova-friburgo\/","title":{"rendered":"Autoridades denunciam a precariedade do Hospital Municipal Raul Sert\u00e3, em Nova Friburgo"},"content":{"rendered":"\n<p>Autoridades denunciaram a situa\u00e7\u00e3o do Hospital Municipal Raul de sert\u00e3, em Nova Friburgo. Entre os problemas est\u00e3o aparelhos quebrados sem data prevista para o conserto, fila com mais de 1 mil pacientes aguardando atendimento, e a precariedade do setor de raio x. Essas s\u00e3o apenas algumas das reclama\u00e7\u00f5es. De acordo com o vereador, Maicon Queiroz, durante uma fiscaliza\u00e7\u00e3o na unidade de sa\u00fade, em 2021, as condi\u00e7\u00f5es do hospital j\u00e1 se mostravam prec\u00e1rias.<\/p>\n\n\n\n<p>\u201cJ\u00e1 tivemos diversas vezes no local, inclusive, realizamos at\u00e9 uma audi\u00eancia p\u00fablica na C\u00e2mara dos Vereadores com a presen\u00e7a dos funcion\u00e1rios para tentar buscar uma solu\u00e7\u00e3o. Na ocasi\u00e3o a Defensoria P\u00fablica participou do encontro, que chegou a causar certo efeito, tendo em vista que logo depois foi realizada uma pequena reforma no local. Mas a prefeitura, infelizmente n\u00e3o fez mais que isso! S\u00e3o necess\u00e1rios equipamentos novos, e reformar por completo o setor de raio x, que est\u00e1 em condi\u00e7\u00f5es insalubres\u201d, destacou o vereador.<\/p>\n\n\n\n<p>Mas os problemas na unidade n\u00e3o se resumem a isso. O aparelho para a realiza\u00e7\u00e3o do exame de colonoscopia, por exemplo, est\u00e1 quebrado, e sem previs\u00e3o para reparos. Ainda segundo o parlamentar, um dos aparelhos para a realiza\u00e7\u00e3o dos exames de endoscopia tamb\u00e9m apresenta problemas e por isso os atendimentos est\u00e3o atrasados.<\/p>\n\n\n\n<p>\u201cA fila para realiza\u00e7\u00e3o desses exames est\u00e1 gigante! Colonoscopia \u00e9 um exame que diagnostica doen\u00e7as s\u00e9rias, entre elas o c\u00e2ncer. Essa situa\u00e7\u00e3o \u00e9 grave! A m\u00e1quina j\u00e1 est\u00e1 quebrada h\u00e1 um bom tempo. O mesmo ocorre com o setor de endoscopia, que como consequ\u00eancia tamb\u00e9m apresenta uma enorme fila de espera&#8221;, disse. <\/p>\n\n\n\n<p>Em junho de 2022 a situa\u00e7\u00e3o do hospital foi debatida na C\u00e2mara de Vereadores de Nova Friburgo. Na sess\u00e3o foram listados os problemas com os equipamentos de raio x, as m\u00e1s condi\u00e7\u00f5es de trabalho na unidade e a necessidade de reajuste salarial para os radiologistas. Em um v\u00eddeo divulgado nas redes sociais pelo vereador Maicon Queiroz, em junho do mesmo ano, ele destacou que os funcion\u00e1rios do espa\u00e7o precisavam de ajuda.<\/p>\n\n\n\n<p>Al\u00e9m dos problemas com a realiza\u00e7\u00e3o de exames, quem precisa de atendimento ainda enfrenta dificuldades com o agendamento de consultas, e com procedimentos cir\u00fargicos, principalmente os ortop\u00e9dicos, que acumulam pacientes na fila de espera.<\/p>\n\n\n\n<p>Em nota, a secretaria de sa\u00fade de Nova Friburgo informou que abriu um canal de di\u00e1logo com os servidores do setor de Raio-x para resolver os problemas. A secretaria destacou que a maioria dessas demandas precisa de licita\u00e7\u00f5es, que est\u00e3o sendo feitas. Uma delas, segundo o munic\u00edpio, foi finalizada na primeira semana deste ano. <\/p>\n\n\n\n<p>A nota diz ainda, que o equipamento respons\u00e1vel por imprimir os laudos radiol\u00f3gicos foi enviado para manuten\u00e7\u00e3o, ap\u00f3s apresentar defeito, e o atendimento do SISREG, que \u00e9 o sistema de regula\u00e7\u00e3o do SUS, foi suspenso temporariamente para n\u00e3o sobrecarregar o atendimento de urg\u00eancia e emerg\u00eancia do Hospital Raul Sert\u00e3. <\/p>\n\n\n\n<p>Al\u00e9m disso, a Secretaria de Sa\u00fade de Nova Friburgo, informou que est\u00e1 em andamento um processo para a compra de equipamentos mais modernos para o setor de Raio-x, do Hospital Municipal Raul Sert\u00e3, para agilizar a realiza\u00e7\u00e3o e o compartilhamento dos laudos dos exames com os m\u00e9dicos. A nota informou tamb\u00e9m que nenhuma queixa formal ou recusa do exame impresso, em papel, foi registrada pelos m\u00e9dicos \u00e0 dire\u00e7\u00e3o do hospital.<\/p>\n\n\n\n<p><em>Por Anna Beatriz Thomaz<\/em><\/p>\n","protected":false},"excerpt":{"rendered":"<p>Autoridades denunciaram a situa\u00e7\u00e3o do Hospital Municipal Raul de sert\u00e3, em Nova Friburgo. Entre os<\/p>\n","protected":false},"author":2,"featured_media":76158,"comment_status":"open","ping_status":"open","sticky":false,"template":"","format":"standard","meta":{"footnotes":""},"categories":[17],"tags":[],"class_list":["post-76157","post","type-post","status-publish","format-standard","has-post-thumbnail","hentry","category-outras-noticias"],"_links":{"self":[{"href":"https:\/\/tvc16.com\/portal\/wp-json\/wp\/v2\/posts\/76157","targetHints":{"allow":["GET"]}}],"collection":[{"href":"https:\/\/tvc16.com\/portal\/wp-json\/wp\/v2\/posts"}],"about":[{"href":"https:\/\/tvc16.com\/portal\/wp-json\/wp\/v2\/types\/post"}],"author":[{"embeddable":true,"href":"https:\/\/tvc16.com\/portal\/wp-json\/wp\/v2\/users\/2"}],"replies":[{"embeddable":true,"href":"https:\/\/tvc16.com\/portal\/wp-json\/wp\/v2\/comments?post=76157"}],"version-history":[{"count":9,"href":"https:\/\/tvc16.com\/portal\/wp-json\/wp\/v2\/posts\/76157\/revisions"}],"predecessor-version":[{"id":76204,"href":"https:\/\/tvc16.com\/portal\/wp-json\/wp\/v2\/posts\/76157\/revisions\/76204"}],"wp:featuredmedia":[{"embeddable":true,"href":"https:\/\/tvc16.com\/portal\/wp-json\/wp\/v2\/media\/76158"}],"wp:attachment":[{"href":"https:\/\/tvc16.com\/portal\/wp-json\/wp\/v2\/media?parent=76157"}],"wp:term":[{"taxonomy":"category","embeddable":true,"href":"https:\/\/tvc16.com\/portal\/wp-json\/wp\/v2\/categories?post=76157"},{"taxonomy":"post_tag","embeddable":true,"href":"https:\/\/tvc16.com\/portal\/wp-json\/wp\/v2\/tags?post=76157"}],"curies":[{"name":"wp","href":"https:\/\/api.w.org\/{rel}","templated":true}]}}