{"id":76160,"date":"2024-01-20T17:00:00","date_gmt":"2024-01-20T20:00:00","guid":{"rendered":"https:\/\/tvc16.com\/portal\/?p=76160"},"modified":"2024-01-20T00:45:50","modified_gmt":"2024-01-20T03:45:50","slug":"almanaque-carioquice-indica-lugares-onde-o-rio-ferve-de-gente","status":"publish","type":"post","link":"https:\/\/tvc16.com\/portal\/2024\/01\/20\/almanaque-carioquice-indica-lugares-onde-o-rio-ferve-de-gente\/","title":{"rendered":"Almanaque Carioquice indica lugares onde o Rio ferve de gente"},"content":{"rendered":"\n<p><em><strong>A s\u00e9tima edi\u00e7\u00e3o da publica\u00e7\u00e3o destaca um roteiro que foge do tradicional e ressalta a voca\u00e7\u00e3o da cidade para reunir gente em v\u00e1rios espa\u00e7os<\/strong><\/em><\/p>\n\n\n\n<p>Mostrar as atra\u00e7\u00f5es da Cidade Maravilhosa sob um \u00e2ngulo diferente. Essa \u00e9 a proposta do Almanaque Carioquice 2024. Nas p\u00e1ginas da publica\u00e7\u00e3o, um Rio de Janeiro desconhecido de muitos cariocas e que nem todo mundo v\u00ea, com atra\u00e7\u00f5es que revelam os encantos mil produzidos pela integra\u00e7\u00e3o entre belezas naturais e diversidade cultural. A publica\u00e7\u00e3o, uma parceria do Instituto Cultural Cravo Albin (ICCA) e a Insight Comunica\u00e7\u00e3o, chega \u00e0 s\u00e9tima edi\u00e7\u00e3o mostrando a gra\u00e7a, a tipicidade e o charme de \u201coutras praias\u201d cariocas.<\/p>\n\n\n\n<p>Celebrando os 20 anos da marca Carioquice, o presidente do ICCA, Ricardo Cravo Albin, ressalta que a publica\u00e7\u00e3o exalta o melhor da cidade e das pessoas \u201cO esp\u00edrito carioca \u00e9 o irrefre\u00e1vel sentimento de descontra\u00e7\u00e3o, de largueza de gestos, do celebrar-se a cidade que penetra l\u00e1 no fundo da alma de quem \u00e9 invadido por sua beleza, eleg\u00e2ncia e originalidade. E nunca aquele estado sombrio que pode nos acabrunhar pelas ondas (que aparecem e desaparecem) de poss\u00edveis viol\u00eancias, impunidades, desencontros\u201d, comenta.<\/p>\n\n\n\n<p>As p\u00e1ginas do Almanaque Carioquice est\u00e3o recheadas de atra\u00e7\u00f5es da cidade que vibra desde cedo, e que re\u00fane um rio de gente, nas praias, pra\u00e7as e parques, boates ou em torno de uma boa roda de samba, passando por polos gastron\u00f4micos, feirinhas, mercad\u00f5es e atividades esportivas ao ar livre.<\/p>\n\n\n\n<p>O Almanaque segue sua tradi\u00e7\u00e3o de ter uma abordagem tem\u00e1tica, sempre buscando uma forma de cobrir aspectos poucos exaltados e descobrir lugares e hist\u00f3rias surpreendentes. Em 2023, a publica\u00e7\u00e3o investigou os lugares que trouxeram inova\u00e7\u00e3o para a cidade. Em 2022, o conceito foi relacionado ao Rio que deu a volta por cima e se reinventou com a pandemia. Todas as edi\u00e7\u00f5es podem ser acessadas no site.<\/p>\n\n\n\n<p>Nesta edi\u00e7\u00e3o, garimpamos preciosidades, em lugares que atraem verdadeiras multid\u00f5es, tribos descoladas ou grupos de interesse comum. Voc\u00ea sabe ou frequenta esses locais, mas muito possivelmente desconhece ou n\u00e3o prestou a aten\u00e7\u00e3o em verdadeiras riquezas submersas nesse mar de gente. Os exemplos s\u00e3o in\u00fameros. No roteiro, o Aterro do Flamengo, o nosso Central Park, que se transforma em \u00edcone do Carnaval, durante o reinado de Momo. Em meio \u00e0s intermin\u00e1veis muta\u00e7\u00f5es da festa que define a identidade carioca, o Parque \u00e9 um epicentro de inova\u00e7\u00e3o, ecletismo musical e gente.<\/p>\n\n\n\n<p>S\u00edmbolo do sub\u00farbio carioca, o Piscin\u00e3o de Ramos \u00e9 um oceano de atividades de lazer muito al\u00e9m dos mergulhos, com aparelhos de gin\u00e1stica, quadras poliesportivas, quadra de areia, campo de grama sint\u00e9tica, parquinhos infantis, espa\u00e7o multiuso, \u00e1reas de conviv\u00eancia, al\u00e9m de ciclovia e pista de skate.<\/p>\n\n\n\n<p>No quadril\u00e1tero entre as ruas S\u00e3o Salvador, Esteves J\u00fanior e Senador Corr\u00eaa, em Laranjeiras, a Pra\u00e7a S\u00e3o Salvador \u00e9 a festa para todas as idades, de manh\u00e3 \u00e0 noite, desde a gurizada aproveitando o parquinho at\u00e9 a feirinha de artesanato, al\u00e9m do bloco \u201cBagun\u00e7a meu coreto\u201d, criado pelos moradores e que arrasta uma multid\u00e3o pelas redondezas durante o carnaval. O Largo da Prainha, Baixo G\u00e1vea, Baixo Tijuca (Pra\u00e7a Varnhagen) e \u201cBotasoho\u201d \u2013 a conflu\u00eancia entre as ruas \u00c1lvaro Ramos e Arnaldo Quintela.<\/p>\n\n\n\n<p>Tem tamb\u00e9m os \u201cmercad\u00f5es\u201d da cidade, como a Cobal do Humait\u00e1, Cadeg, Uptown e Saara, s\u00e3o os melhores points, segundo o Almanaque, para ver e ser visto. O Ballet Manguinhos, em Higien\u00f3polis, est\u00e1 h\u00e1 mais de uma d\u00e9cada transformando a vida de jovens de 20 favelas da Zona Norte do Rio de Janeiro. E o Baile Charme do Viaduto de Madureira tamb\u00e9m \u00e9 uma das atra\u00e7\u00f5es que agitam o sub\u00farbio.<\/p>\n\n\n\n<p>Para agradar turistas e cariocas, o Maracan\u00e3 \u00e9 apresentado por uma \u00f3tica menos convencional: o lado de fora do est\u00e1dio. As op\u00e7\u00f5es pr\u00e9-jogo enchem as ruas nos arredores do \u201cMaraca\u201d, que ficam lotadas de torcedores vestidos com seus mantos e cantando hinos e can\u00e7\u00f5es de seus clubes do cora\u00e7\u00e3o. O \u201caquecimento\u201d costuma ser regado com copos cheios e muita empolga\u00e7\u00e3o, quando os torcedores se encontram nos bares e invadem as ruas com muita paix\u00e3o e alegria.<\/p>\n\n\n\n<p>Um rol\u00e9 diferente, a Ilha da Gigoia, a nossa pequena Veneza, atrai v\u00e1rios visitantes pelo passeio de barco na Lagoa da Tijuca e pelos quitutes que d\u00e3o \u00e1gua na boca nos v\u00e1rios restaurantes instalados no local. O conte\u00fado ainda traz as listas das melhores batidas e rodas de samba da cidade, para beber e curtir com os amigos.<\/p>\n\n\n\n<p><strong>Almanaque Carioquice<\/strong><\/p>\n\n\n\n<p>\u201cCarioquice \u00e9 um estado de esp\u00edrito. Um sentimento \u00fanico, original e exclusivo do Rio de Janeiro e de sua gente \u2013 sejam os cariocas de nascen\u00e7a, de viv\u00eancia ou por voca\u00e7\u00e3o. O Almanaque Carioquice foi criado pela Insight para elevar o astral do Rio de Janeiro e mostrar que as maravilhas da nossa cidade v\u00e3o muito al\u00e9m do que se v\u00ea nos cart\u00f5es postais\u201d, comenta Jo\u00e3o Pedro Faro, CEO da Insight.<\/p>\n\n\n\n<p>O Almanaque Carioquice tem presen\u00e7a digital permanente nas redes sociais, com atualiza\u00e7\u00e3o di\u00e1ria sobre lugares, eventos, programa\u00e7\u00f5es e dicas do Rio de Janeiro, alcan\u00e7ando mais de dois milh\u00f5es de pessoas por m\u00eas. O perfil @almanaquecarioquice pode ser acompanhado no Instagram, Facebook e TikTok. O conte\u00fado da edi\u00e7\u00e3o 2024 poder\u00e1 ser acessado digitalmente atrav\u00e9s do site e das redes sociais do Almanaque Carioquice.<\/p>\n","protected":false},"excerpt":{"rendered":"<p>A s\u00e9tima edi\u00e7\u00e3o da publica\u00e7\u00e3o destaca um roteiro que foge do tradicional e ressalta a<\/p>\n","protected":false},"author":2,"featured_media":76161,"comment_status":"open","ping_status":"open","sticky":false,"template":"","format":"standard","meta":{"footnotes":""},"categories":[17],"tags":[],"class_list":["post-76160","post","type-post","status-publish","format-standard","has-post-thumbnail","hentry","category-outras-noticias"],"_links":{"self":[{"href":"https:\/\/tvc16.com\/portal\/wp-json\/wp\/v2\/posts\/76160","targetHints":{"allow":["GET"]}}],"collection":[{"href":"https:\/\/tvc16.com\/portal\/wp-json\/wp\/v2\/posts"}],"about":[{"href":"https:\/\/tvc16.com\/portal\/wp-json\/wp\/v2\/types\/post"}],"author":[{"embeddable":true,"href":"https:\/\/tvc16.com\/portal\/wp-json\/wp\/v2\/users\/2"}],"replies":[{"embeddable":true,"href":"https:\/\/tvc16.com\/portal\/wp-json\/wp\/v2\/comments?post=76160"}],"version-history":[{"count":1,"href":"https:\/\/tvc16.com\/portal\/wp-json\/wp\/v2\/posts\/76160\/revisions"}],"predecessor-version":[{"id":76162,"href":"https:\/\/tvc16.com\/portal\/wp-json\/wp\/v2\/posts\/76160\/revisions\/76162"}],"wp:featuredmedia":[{"embeddable":true,"href":"https:\/\/tvc16.com\/portal\/wp-json\/wp\/v2\/media\/76161"}],"wp:attachment":[{"href":"https:\/\/tvc16.com\/portal\/wp-json\/wp\/v2\/media?parent=76160"}],"wp:term":[{"taxonomy":"category","embeddable":true,"href":"https:\/\/tvc16.com\/portal\/wp-json\/wp\/v2\/categories?post=76160"},{"taxonomy":"post_tag","embeddable":true,"href":"https:\/\/tvc16.com\/portal\/wp-json\/wp\/v2\/tags?post=76160"}],"curies":[{"name":"wp","href":"https:\/\/api.w.org\/{rel}","templated":true}]}}