{"id":76163,"date":"2024-01-19T11:44:09","date_gmt":"2024-01-19T14:44:09","guid":{"rendered":"https:\/\/tvc16.com\/portal\/?p=76163"},"modified":"2024-01-19T21:22:26","modified_gmt":"2024-01-20T00:22:26","slug":"devido-a-previsao-de-fortes-chuvas-detran-rj-adia-mutirao-desta-sabado-20","status":"publish","type":"post","link":"https:\/\/tvc16.com\/portal\/2024\/01\/19\/devido-a-previsao-de-fortes-chuvas-detran-rj-adia-mutirao-desta-sabado-20\/","title":{"rendered":"Devido \u00e0 previs\u00e3o de fortes chuvas, Detran.RJ adia mutir\u00e3o deste s\u00e1bado (20)"},"content":{"rendered":"\n<p>Por conta da previs\u00e3o de chuvas torrenciais no fim de semana, o Detran.RJ informa que, para a seguran\u00e7a de funcion\u00e1rios e usu\u00e1rios, o mutir\u00e3o para emiss\u00e3o da carteira de motorista (CNH), que seria realizado neste s\u00e1bado (20), em \u00e1reas afetadas pelas enchentes, foi adiado.<\/p>\n\n\n\n<p>Pelo mesmo motivo, tamb\u00e9m foi adiado o mutir\u00e3o que seria realizado em seis munic\u00edpios do interior do estado.<\/p>\n\n\n\n<p>Os usu\u00e1rios que estavam agendados para o mutir\u00e3o poder\u00e3o realizar o servi\u00e7o na pr\u00f3xima semana, nas mesmas unidades de atendimento, sem necessidade de novo agendamento.<\/p>\n","protected":false},"excerpt":{"rendered":"<p>Por conta da previs\u00e3o de chuvas torrenciais no fim de semana, o Detran.RJ informa que,<\/p>\n","protected":false},"author":2,"featured_media":76164,"comment_status":"open","ping_status":"open","sticky":false,"template":"","format":"standard","meta":{"footnotes":""},"categories":[17],"tags":[],"class_list":["post-76163","post","type-post","status-publish","format-standard","has-post-thumbnail","hentry","category-outras-noticias"],"_links":{"self":[{"href":"https:\/\/tvc16.com\/portal\/wp-json\/wp\/v2\/posts\/76163","targetHints":{"allow":["GET"]}}],"collection":[{"href":"https:\/\/tvc16.com\/portal\/wp-json\/wp\/v2\/posts"}],"about":[{"href":"https:\/\/tvc16.com\/portal\/wp-json\/wp\/v2\/types\/post"}],"author":[{"embeddable":true,"href":"https:\/\/tvc16.com\/portal\/wp-json\/wp\/v2\/users\/2"}],"replies":[{"embeddable":true,"href":"https:\/\/tvc16.com\/portal\/wp-json\/wp\/v2\/comments?post=76163"}],"version-history":[{"count":3,"href":"https:\/\/tvc16.com\/portal\/wp-json\/wp\/v2\/posts\/76163\/revisions"}],"predecessor-version":[{"id":76216,"href":"https:\/\/tvc16.com\/portal\/wp-json\/wp\/v2\/posts\/76163\/revisions\/76216"}],"wp:featuredmedia":[{"embeddable":true,"href":"https:\/\/tvc16.com\/portal\/wp-json\/wp\/v2\/media\/76164"}],"wp:attachment":[{"href":"https:\/\/tvc16.com\/portal\/wp-json\/wp\/v2\/media?parent=76163"}],"wp:term":[{"taxonomy":"category","embeddable":true,"href":"https:\/\/tvc16.com\/portal\/wp-json\/wp\/v2\/categories?post=76163"},{"taxonomy":"post_tag","embeddable":true,"href":"https:\/\/tvc16.com\/portal\/wp-json\/wp\/v2\/tags?post=76163"}],"curies":[{"name":"wp","href":"https:\/\/api.w.org\/{rel}","templated":true}]}}