{"id":76166,"date":"2024-01-20T11:00:00","date_gmt":"2024-01-20T14:00:00","guid":{"rendered":"https:\/\/tvc16.com\/portal\/?p=76166"},"modified":"2024-01-20T00:30:37","modified_gmt":"2024-01-20T03:30:37","slug":"vestibular-social-da-ucp-em-parceria-com-a-prefeitura-de-petropolis-acontece-neste-domingo-21-com-mais-de-dois-mil-inscritos","status":"publish","type":"post","link":"https:\/\/tvc16.com\/portal\/2024\/01\/20\/vestibular-social-da-ucp-em-parceria-com-a-prefeitura-de-petropolis-acontece-neste-domingo-21-com-mais-de-dois-mil-inscritos\/","title":{"rendered":"Vestibular Social da UCP em parceria com a Prefeitura de Petr\u00f3polis acontece neste domingo (21) com mais de dois mil inscritos"},"content":{"rendered":"\n<p>P<em>rocesso seletivo \u00e9 valido 200 bolsas integrais para mais de 10 cursos oferecidos pela Institui\u00e7\u00e3o; prova ser\u00e1 realizada no Campus Dom Veloso<\/em><\/p>\n\n\n\n<p>Mais de dois mil candidatos concorrer\u00e3o, neste domingo (21.01), \u00e0s 200 bolsas integrais que ser\u00e3o oferecidas pelo Vestibular Social da Universidade Cat\u00f3lica de Petr\u00f3polis (UCP) em parceria com a Prefeitura de Petr\u00f3polis (PMP). Eles concorrem a vagas em um dos 13 cursos de diversas \u00e1reas do conhecimento disponibilizados neste processo seletivo. O exame ser\u00e1 aplicado no Campus Dom Veloso da UCP.<\/p>\n\n\n\n<p>O Vestibular Social da UCP e PMP foi a ferramenta transformadora na vida de mais de mil estudantes que agarraram a chance de acesso ao Ensino Superior com uma forma\u00e7\u00e3o de excel\u00eancia e tradi\u00e7\u00e3o. Agora, mais 200 estudantes da rede p\u00fablica de ensino de Petr\u00f3polis ter\u00e3o a oportunidade de um novo caminho com um futuro promissor por meio da Educa\u00e7\u00e3o.<\/p>\n\n\n\n<p>Concorrem \u00e0s bolsas estudantes que cursaram, no m\u00ednimo, duas s\u00e9ries e que conclu\u00edram o Ensino M\u00e9dio em escolas da rede p\u00fablica de Petr\u00f3polis (municipal, estadual ou federal) ou na rede particular de ensino por meio do Programa Todos Pela Educa\u00e7\u00e3o do munic\u00edpio. A novidade deste processo seletivo foi a amplia\u00e7\u00e3o para alunos que tamb\u00e9m estudaram em unidades de ensino p\u00fablico federais, como o Cefet ou que conclu\u00edram o Ensino M\u00e9dio pelo Exame Nacional para Certifica\u00e7\u00e3o de Compet\u00eancias de Jovens e Adultos (ENCCEJA), lembrando que os concluintes pelo ENCCEJA tamb\u00e9m devem ter cursado, no m\u00ednimo, duas s\u00e9ries do Ensino M\u00e9dio em escolas da rede p\u00fablica de Petr\u00f3polis.<\/p>\n\n\n\n<p>Para participar da sele\u00e7\u00e3o tamb\u00e9m n\u00e3o \u00e9 aceito candidato portador de diploma de gradua\u00e7\u00e3o ou que tenha conclu\u00eddo alguma disciplina, com aprova\u00e7\u00e3o, em cursos de gradua\u00e7\u00e3o. As bolsas s\u00e3o v\u00e1lidas para ingresso neste primeiro semestre de 2024 e valem pelo per\u00edodo de dura\u00e7\u00e3o do curso escolhido.<\/p>\n\n\n\n<p>\u201cA grande procura pelo Vestibular Social da UCP\/PMP, o n\u00famero de inscritos demonstra a import\u00e2ncia desta parceria como canal transformador na vida de tantos estudantes, muitos sem uma perspectiva de futuro. A UCP reafirma, por meio deste conv\u00eanio, seu compromisso com a Educa\u00e7\u00e3o em nossa cidade, com a forma\u00e7\u00e3o de todos que escolhem a nossa Universidade como ferramenta para mudar o rumo de suas vidas. \u00c9 gratificante saber que contribu\u00edmos de maneira t\u00e3o \u00edmpar na trajet\u00f3ria dessas pessoas\u201d, destaca o vice-reitor da UCP, maestro Marcelo Vizani.<\/p>\n","protected":false},"excerpt":{"rendered":"<p>Processo seletivo \u00e9 valido 200 bolsas integrais para mais de 10 cursos oferecidos pela Institui\u00e7\u00e3o;<\/p>\n","protected":false},"author":2,"featured_media":76168,"comment_status":"open","ping_status":"open","sticky":false,"template":"","format":"standard","meta":{"footnotes":""},"categories":[12],"tags":[],"class_list":["post-76166","post","type-post","status-publish","format-standard","has-post-thumbnail","hentry","category-cidade"],"_links":{"self":[{"href":"https:\/\/tvc16.com\/portal\/wp-json\/wp\/v2\/posts\/76166","targetHints":{"allow":["GET"]}}],"collection":[{"href":"https:\/\/tvc16.com\/portal\/wp-json\/wp\/v2\/posts"}],"about":[{"href":"https:\/\/tvc16.com\/portal\/wp-json\/wp\/v2\/types\/post"}],"author":[{"embeddable":true,"href":"https:\/\/tvc16.com\/portal\/wp-json\/wp\/v2\/users\/2"}],"replies":[{"embeddable":true,"href":"https:\/\/tvc16.com\/portal\/wp-json\/wp\/v2\/comments?post=76166"}],"version-history":[{"count":1,"href":"https:\/\/tvc16.com\/portal\/wp-json\/wp\/v2\/posts\/76166\/revisions"}],"predecessor-version":[{"id":76167,"href":"https:\/\/tvc16.com\/portal\/wp-json\/wp\/v2\/posts\/76166\/revisions\/76167"}],"wp:featuredmedia":[{"embeddable":true,"href":"https:\/\/tvc16.com\/portal\/wp-json\/wp\/v2\/media\/76168"}],"wp:attachment":[{"href":"https:\/\/tvc16.com\/portal\/wp-json\/wp\/v2\/media?parent=76166"}],"wp:term":[{"taxonomy":"category","embeddable":true,"href":"https:\/\/tvc16.com\/portal\/wp-json\/wp\/v2\/categories?post=76166"},{"taxonomy":"post_tag","embeddable":true,"href":"https:\/\/tvc16.com\/portal\/wp-json\/wp\/v2\/tags?post=76166"}],"curies":[{"name":"wp","href":"https:\/\/api.w.org\/{rel}","templated":true}]}}