{"id":76170,"date":"2024-01-22T07:00:00","date_gmt":"2024-01-22T10:00:00","guid":{"rendered":"https:\/\/tvc16.com\/portal\/?p=76170"},"modified":"2024-01-19T12:07:29","modified_gmt":"2024-01-19T15:07:29","slug":"corpo-de-bombeiros-rj-divulga-edital-de-concurso-para-50-vagas-de-oficial-combatente","status":"publish","type":"post","link":"https:\/\/tvc16.com\/portal\/2024\/01\/22\/corpo-de-bombeiros-rj-divulga-edital-de-concurso-para-50-vagas-de-oficial-combatente\/","title":{"rendered":"Corpo de Bombeiros RJ divulga edital de concurso para 50 vagas de oficial combatente"},"content":{"rendered":"\n<p>O Corpo de Bombeiros Militar do Estado do Rio de Janeiro vai ampliar seu quadro de&nbsp;oficiais&nbsp;com um novo&nbsp;concurso&nbsp;p\u00fablico para 50 vagas de carreira. O edital foi publicado no Di\u00e1rio Oficial (DOERJ) desta sexta-feira (19.01) e est\u00e1&nbsp;dispon\u00edvel tamb\u00e9m no site da corpora\u00e7\u00e3o (www.cbmerj.rj.gov.br). Os aprovados ingressar\u00e3o como cadetes da Academia de Bombeiro Militar Dom Pedro II (ABMDP II) ainda em 2024.<\/p>\n\n\n\n<p>As inscri\u00e7\u00f5es come\u00e7am na pr\u00f3xima sexta-feira, dia 26 de janeiro, e v\u00e3o at\u00e9 dia&nbsp;04 de mar\u00e7o. Para concorrer a uma vaga, o candidato precisa estar em dia com as obriga\u00e7\u00f5es militares e eleitorais, ter entre 18 e 32 anos e ter conclu\u00eddo o Ensino M\u00e9dio.&nbsp;&nbsp;<\/p>\n\n\n\n<p>O processo seletivo ser\u00e1 realizado pela Funda\u00e7\u00e3o Get\u00falio Vargas (FGV) e conta com Prova Objetiva, Teste de Aptid\u00e3o F\u00edsica, Exame de Sa\u00fade e Exame Documental.&nbsp;<\/p>\n\n\n\n<p>O vencimento inicial dos cadetes \u00e9 de R$ 4.227,16. Ao fim do curso, que tem dura\u00e7\u00e3o de quatro anos, o aspirante a oficial passa a receber R$ 9.313,27.<\/p>\n\n\n\n<p>&#8220;O concurso garante a renova\u00e7\u00e3o e o refor\u00e7o&nbsp;do efetivo. \u00c9 sangue novo que chega para garantir a manuten\u00e7\u00e3o dos servi\u00e7os de excel\u00eancia prestados \u00e0 sociedade 24 horas por dia, 7 dias por semana&#8221;, afirmou o secret\u00e1rio de Estado de Defesa Civil e comandante-geral do CBMERJ, coronel Leandro Monteiro.<\/p>\n","protected":false},"excerpt":{"rendered":"<p>O Corpo de Bombeiros Militar do Estado do Rio de Janeiro vai ampliar seu quadro<\/p>\n","protected":false},"author":2,"featured_media":2977,"comment_status":"open","ping_status":"open","sticky":false,"template":"","format":"standard","meta":{"footnotes":""},"categories":[17],"tags":[],"class_list":["post-76170","post","type-post","status-publish","format-standard","has-post-thumbnail","hentry","category-outras-noticias"],"_links":{"self":[{"href":"https:\/\/tvc16.com\/portal\/wp-json\/wp\/v2\/posts\/76170","targetHints":{"allow":["GET"]}}],"collection":[{"href":"https:\/\/tvc16.com\/portal\/wp-json\/wp\/v2\/posts"}],"about":[{"href":"https:\/\/tvc16.com\/portal\/wp-json\/wp\/v2\/types\/post"}],"author":[{"embeddable":true,"href":"https:\/\/tvc16.com\/portal\/wp-json\/wp\/v2\/users\/2"}],"replies":[{"embeddable":true,"href":"https:\/\/tvc16.com\/portal\/wp-json\/wp\/v2\/comments?post=76170"}],"version-history":[{"count":1,"href":"https:\/\/tvc16.com\/portal\/wp-json\/wp\/v2\/posts\/76170\/revisions"}],"predecessor-version":[{"id":76171,"href":"https:\/\/tvc16.com\/portal\/wp-json\/wp\/v2\/posts\/76170\/revisions\/76171"}],"wp:featuredmedia":[{"embeddable":true,"href":"https:\/\/tvc16.com\/portal\/wp-json\/wp\/v2\/media\/2977"}],"wp:attachment":[{"href":"https:\/\/tvc16.com\/portal\/wp-json\/wp\/v2\/media?parent=76170"}],"wp:term":[{"taxonomy":"category","embeddable":true,"href":"https:\/\/tvc16.com\/portal\/wp-json\/wp\/v2\/categories?post=76170"},{"taxonomy":"post_tag","embeddable":true,"href":"https:\/\/tvc16.com\/portal\/wp-json\/wp\/v2\/tags?post=76170"}],"curies":[{"name":"wp","href":"https:\/\/api.w.org\/{rel}","templated":true}]}}