{"id":76178,"date":"2024-01-19T13:09:55","date_gmt":"2024-01-19T16:09:55","guid":{"rendered":"https:\/\/tvc16.com\/portal\/?p=76178"},"modified":"2024-01-19T13:09:57","modified_gmt":"2024-01-19T16:09:57","slug":"vencedora-do-desafio-dos-chefs-silvana-henrichs-ja-esta-com-o-premio-em-maos-viagem-de-15-dias-para-uma-imersao-culinaria-em-portugal","status":"publish","type":"post","link":"https:\/\/tvc16.com\/portal\/2024\/01\/19\/vencedora-do-desafio-dos-chefs-silvana-henrichs-ja-esta-com-o-premio-em-maos-viagem-de-15-dias-para-uma-imersao-culinaria-em-portugal\/","title":{"rendered":"Vencedora do Desafio dos Chefs, Silvana Henrichs, j\u00e1 est\u00e1 com o pr\u00eamio em m\u00e3os: viagem de 15 dias para uma imers\u00e3o culin\u00e1ria em Portugal"},"content":{"rendered":"\n<p>Vencedora do Desafio dos Chefs, uma das principais atra\u00e7\u00f5es da \u00faltima e bem sucedida edi\u00e7\u00e3o do Petr\u00f3polis Gourmet, Silvana Henrichs recebeu seu pr\u00eamio nesta quarta-feira (17):&nbsp;&nbsp;passagem a\u00e9rea para 15 dias de imers\u00e3o culin\u00e1ria com o chef Marcio Ricci, em Lisboa, Portugal, onde tamb\u00e9m ter\u00e1 estadia paga. O evento, que faz parte do calend\u00e1rio oficial da cidade, \u00e9 realizado pelo Petr\u00f3polis Convention &amp; Visitors Bureau e em sua 23\u00aa edi\u00e7\u00e3o, em 2023, teve como tema &nbsp;&#8220;Cozinhando com Afeto: Receitas e Mem\u00f3rias de Fam\u00edlia&#8221;.<\/p>\n\n\n\n<p>A entrega do pr\u00eamio reuniu o presidente do Petr\u00f3polis Convention, Samir el Ghaoui e o presidente da Federa\u00e7\u00e3o de Convention &amp; Visitors Bureaux do estado (FC&amp;VB-RJ), Guilherme Abreu, entidade que apoiou o concurso. A disputa reuniu 16 chefs de restaurantes participantes do Petr\u00f3polis Gourmet com provas em tempo real nas depend\u00eancias do Senac, tamb\u00e9m parceiro do evento.<\/p>\n\n\n\n<p>\u201cDesejamos todo o sucesso \u00e0 Silvana Henrichs, que representa todos os chefs talentosos de nossa gastronomia que a tornam de excel\u00eancia\u201d, afirmou Samir el Ghaoui. J\u00e1 Guilherme Abreu disse que estava lisonjeado por estar contribuindo com o PC&amp;VB. \u201c\u00c9 uma honra para a Federa\u00e7\u00e3o e esperamos que essa imers\u00e3o em Portugal seja um diferencial em seu curr\u00edculo\u201d.&nbsp;&nbsp;A vencedora, que vai viajar \u00e0 Lisboa em abril, para duas semanas na Cozinha Ricci, do renomado Chef M\u00e1rcio Ricci, que foi curador do Petr\u00f3polis Gourmet, diz que \u00e9 alta a sua expectativa. \u201cMuito feliz em ter ganhado a competi\u00e7\u00e3o e ter essa premia\u00e7\u00e3o t\u00e3o importante como oportunidade de crescimento\u201d.<\/p>\n\n\n\n<p>Silvana Henrichs \u00e9 sus chef da Adega Santar\u00e9m, restaurante do conceituado Parador Santar\u00e9m, onde a entrega da premia\u00e7\u00e3o foi realizada. Os diretores do PC&amp;VB, Mucio Maffacioli (Gastronomia) e&nbsp;&nbsp;Rogerio Elmor (Eventos) tamb\u00e9m participaram da entrega do pr\u00eamio assim como a&nbsp;&nbsp;gestora de Marketing da FC&amp;VB-RJ, Tatiana D\u2019\u00c2ngelo. O grupo foi recepcionado pelo propriet\u00e1rio do espa\u00e7o, Jos\u00e9 Luis Barros e pelo gerente, Patrick Gercy.<\/p>\n\n\n\n<p>O Petr\u00f3polis Gourmet 2023 foi realizado de 10 a 26 de novembro em 45 restaurantes, bares, cafeterias e delicatessens da cidade e contou, al\u00e9m de pratos especiais nos estabelecimentos participantes, com uma s\u00e9rie de atra\u00e7\u00f5es nas ruas, pra\u00e7as e parceiros do evento com participa\u00e7\u00e3o do p\u00fablico em oficinas e degusta\u00e7\u00e3o de receitas especiais. O festival, quinto maior do pa\u00eds, \u00e9 promovido de forma ininterrupta h\u00e1 23 anos e a \u00faltima edi\u00e7\u00e3o foi considerada uma das melhores de todos os tempos.\u00a0\u00a0\u00a0<\/p>\n\n\n\n<p>Foto: divulga\u00e7\u00e3o <\/p>\n","protected":false},"excerpt":{"rendered":"<p>Vencedora do Desafio dos Chefs, uma das principais atra\u00e7\u00f5es da \u00faltima e bem sucedida edi\u00e7\u00e3o<\/p>\n","protected":false},"author":2,"featured_media":76179,"comment_status":"open","ping_status":"open","sticky":false,"template":"","format":"standard","meta":{"footnotes":""},"categories":[12],"tags":[],"class_list":["post-76178","post","type-post","status-publish","format-standard","has-post-thumbnail","hentry","category-cidade"],"_links":{"self":[{"href":"https:\/\/tvc16.com\/portal\/wp-json\/wp\/v2\/posts\/76178","targetHints":{"allow":["GET"]}}],"collection":[{"href":"https:\/\/tvc16.com\/portal\/wp-json\/wp\/v2\/posts"}],"about":[{"href":"https:\/\/tvc16.com\/portal\/wp-json\/wp\/v2\/types\/post"}],"author":[{"embeddable":true,"href":"https:\/\/tvc16.com\/portal\/wp-json\/wp\/v2\/users\/2"}],"replies":[{"embeddable":true,"href":"https:\/\/tvc16.com\/portal\/wp-json\/wp\/v2\/comments?post=76178"}],"version-history":[{"count":1,"href":"https:\/\/tvc16.com\/portal\/wp-json\/wp\/v2\/posts\/76178\/revisions"}],"predecessor-version":[{"id":76180,"href":"https:\/\/tvc16.com\/portal\/wp-json\/wp\/v2\/posts\/76178\/revisions\/76180"}],"wp:featuredmedia":[{"embeddable":true,"href":"https:\/\/tvc16.com\/portal\/wp-json\/wp\/v2\/media\/76179"}],"wp:attachment":[{"href":"https:\/\/tvc16.com\/portal\/wp-json\/wp\/v2\/media?parent=76178"}],"wp:term":[{"taxonomy":"category","embeddable":true,"href":"https:\/\/tvc16.com\/portal\/wp-json\/wp\/v2\/categories?post=76178"},{"taxonomy":"post_tag","embeddable":true,"href":"https:\/\/tvc16.com\/portal\/wp-json\/wp\/v2\/tags?post=76178"}],"curies":[{"name":"wp","href":"https:\/\/api.w.org\/{rel}","templated":true}]}}