{"id":7618,"date":"2020-12-06T12:11:42","date_gmt":"2020-12-06T15:11:42","guid":{"rendered":"https:\/\/tvc16.com\/portal\/?p=7618"},"modified":"2020-12-06T12:11:45","modified_gmt":"2020-12-06T15:11:45","slug":"trabalhadores-terao-nova-chance-de-solicitar-saque-emergencial-do-fgts","status":"publish","type":"post","link":"https:\/\/tvc16.com\/portal\/2020\/12\/06\/trabalhadores-terao-nova-chance-de-solicitar-saque-emergencial-do-fgts\/","title":{"rendered":"Trabalhadores ter\u00e3o nova chance de solicitar saque emergencial do FGTS"},"content":{"rendered":"\n<p>Caixa retornou cerca de R$ 7,9 bi n\u00e3o sacados. Prazo para solicita\u00e7\u00e3o come\u00e7a na pr\u00f3xima segunda (7)<\/p>\n\n\n\n<p>Trabalhadores de todo o Pa\u00eds que n\u00e3o solicitaram o Saque Emergencial do FGTS &nbsp;(Fundo de Garantia do Tempo de Servi\u00e7o) v\u00e3o ter um nova oportunidade entre os dias 7 e 31 de dezembro. Isso porque, nesta segunda-feira (30), a Caixa informou que cerca de R$ 7,9 bilh\u00f5es do montante creditado em poupan\u00e7a digital n\u00e3o foi movimentado e, por isso, vai retornar para as contas vinculadas dos trabalhadores, devidamente corrigidos.&nbsp;<\/p>\n\n\n\n<p><strong><a href=\"https:\/\/brasil61.com\/noticias\/poupanca-social-digital-tambem-ajudara-no-recebimento-de-beneficios-do-governo-federal-bras202438\">Poupan\u00e7a social digital tamb\u00e9m ajudar\u00e1 no recebimento de benef\u00edcios do Governo Federal<\/a><\/strong><br>&nbsp;<br>Caso queira, o trabalhador vai poder sacar at\u00e9 R$ 1.045, considerando a soma dos saldos de todas as contas ativas e inativas que possua no FGTS. A solicita\u00e7\u00e3o deve ser feita por meio do aplicativo do FGTS, j\u00e1 a partir da pr\u00f3xima segunda (7). De acordo com a Caixa, \u00e9 preciso estar com os dados cadastrais atualizados para receber o saque emergencial.&nbsp;<br>&nbsp;<br>Criado pela Medida Provis\u00f3ria 946\/20, o Saque Emergencial FGTS tem o objetivo de ajudar os brasileiros no enfrentamento \u00e0 pandemia da Covid-19. Desde o in\u00edcio do calend\u00e1rio de saques, foram disponibilizados R$ 37,8 bilh\u00f5es. Para mais informa\u00e7\u00f5es, acesse: <a href=\"http:\/\/fgts.caixa.gov.br\">fgts.caixa.gov.br<\/a>.&nbsp;<\/p>\n\n\n\n<p>Fonte: <a href=\"https:\/\/brasil61.com\/noticias\/trabalhadores-terao-nova-chance-de-solicitar-saque-emergencial-do-fgts-bras202851?email=bethdeoliveira@yahoo.com.br&amp;utm_source=newsletter&amp;utm_medium=newsletter&amp;utm_campaign=newsletter\" target=\"_blank\" rel=\"noreferrer noopener\">Brasil 61<\/a><\/p>\n","protected":false},"excerpt":{"rendered":"<p>Caixa retornou cerca de R$ 7,9 bi n\u00e3o sacados. Prazo para solicita\u00e7\u00e3o come\u00e7a na pr\u00f3xima<\/p>\n","protected":false},"author":2,"featured_media":7619,"comment_status":"open","ping_status":"open","sticky":false,"template":"","format":"standard","meta":{"footnotes":""},"categories":[18],"tags":[],"class_list":["post-7618","post","type-post","status-publish","format-standard","has-post-thumbnail","hentry","category-economia"],"_links":{"self":[{"href":"https:\/\/tvc16.com\/portal\/wp-json\/wp\/v2\/posts\/7618","targetHints":{"allow":["GET"]}}],"collection":[{"href":"https:\/\/tvc16.com\/portal\/wp-json\/wp\/v2\/posts"}],"about":[{"href":"https:\/\/tvc16.com\/portal\/wp-json\/wp\/v2\/types\/post"}],"author":[{"embeddable":true,"href":"https:\/\/tvc16.com\/portal\/wp-json\/wp\/v2\/users\/2"}],"replies":[{"embeddable":true,"href":"https:\/\/tvc16.com\/portal\/wp-json\/wp\/v2\/comments?post=7618"}],"version-history":[{"count":1,"href":"https:\/\/tvc16.com\/portal\/wp-json\/wp\/v2\/posts\/7618\/revisions"}],"predecessor-version":[{"id":7620,"href":"https:\/\/tvc16.com\/portal\/wp-json\/wp\/v2\/posts\/7618\/revisions\/7620"}],"wp:featuredmedia":[{"embeddable":true,"href":"https:\/\/tvc16.com\/portal\/wp-json\/wp\/v2\/media\/7619"}],"wp:attachment":[{"href":"https:\/\/tvc16.com\/portal\/wp-json\/wp\/v2\/media?parent=7618"}],"wp:term":[{"taxonomy":"category","embeddable":true,"href":"https:\/\/tvc16.com\/portal\/wp-json\/wp\/v2\/categories?post=7618"},{"taxonomy":"post_tag","embeddable":true,"href":"https:\/\/tvc16.com\/portal\/wp-json\/wp\/v2\/tags?post=7618"}],"curies":[{"name":"wp","href":"https:\/\/api.w.org\/{rel}","templated":true}]}}