{"id":76184,"date":"2024-01-19T13:18:27","date_gmt":"2024-01-19T16:18:27","guid":{"rendered":"https:\/\/tvc16.com\/portal\/?p=76184"},"modified":"2024-01-19T13:18:29","modified_gmt":"2024-01-19T16:18:29","slug":"rio-volta-a-ter-70-de-cobertura-basica-de-saude","status":"publish","type":"post","link":"https:\/\/tvc16.com\/portal\/2024\/01\/19\/rio-volta-a-ter-70-de-cobertura-basica-de-saude\/","title":{"rendered":"Rio volta a ter 70% de cobertura b\u00e1sica de sa\u00fade"},"content":{"rendered":"\n<h4 class=\"wp-block-heading\">Por Ana Cristina Campos &#8211; Rep\u00f3rter da Ag\u00eancia Brasil &#8211; Rio de Janeiro<audio src=\"https:\/\/tts-app.ebc.com.br\/media\/tts\/215896.mp3\"><\/audio><\/h4>\n\n\n\n<p>O munic\u00edpio do Rio de Janeiro retoma a marca de 70% de cobertura da popula\u00e7\u00e3o pela Aten\u00e7\u00e3o Prim\u00e1ria \u00e0 Sa\u00fade com a incorpora\u00e7\u00e3o, nesta sexta-feira (19), de 218 m\u00e9dicos para a Sa\u00fade da Fam\u00edlia, vinculados ao Programa Mais M\u00e9dicos do governo federal. Segundo a prefeitura, essa cobertura de 70% havia sido atingida pela primeira vez em 2016 e vem sendo retomada com a reestrutura\u00e7\u00e3o da rede municipal desde 2021, ap\u00f3s o per\u00edodo em que a aten\u00e7\u00e3o prim\u00e1ria caiu para 46%, entre 2017 e 2020.<img decoding=\"async\" src=\"https:\/\/agenciabrasil.ebc.com.br\/ebc.png?id=1577010&amp;o=node\"><img decoding=\"async\" src=\"https:\/\/agenciabrasil.ebc.com.br\/ebc.gif?id=1577010&amp;o=node\"><\/p>\n\n\n\n<p>Em cerim\u00f4nia de recep\u00e7\u00e3o aos novos m\u00e9dicos, no Pal\u00e1cio da Cidade, o prefeito do Rio, Eduardo Paes, disse que os profissionais v\u00e3o trabalhar nas zonas oeste, norte e favelas da capital. \u201cQuem precisa de sa\u00fade p\u00fablica \u00e9 quem n\u00e3o tem como pagar plano de sa\u00fade ou hospital particular, ou seja, a popula\u00e7\u00e3o mais pobre da cidade\u201d.<\/p>\n\n\n\n<p>Segundo a ministra da Sa\u00fade, N\u00edsia Trindade, mais 100 m\u00e9dicos v\u00e3o se integrar ao programa em mar\u00e7o no Rio de Janeiro. \u201cA Sa\u00fade da Fam\u00edlia tem papel muito importante no apoio \u00e0s emerg\u00eancias clim\u00e1ticas e sanit\u00e1rias, que a gente sabe que s\u00e3o os grandes desafios de hoje\u201d.<\/p>\n\n\n\n<p>De acordo com o secret\u00e1rio municipal de Sa\u00fade, Daniel Soranz, 80% dos problemas de sa\u00fade se resolvem na aten\u00e7\u00e3o prim\u00e1ria. \u201cCasos de pr\u00e9-natal, cuidados aos hipertensos e diab\u00e9ticos, crian\u00e7as no primeiro ano de vida, sem d\u00favida nenhuma a base de um sistema universal s\u00f3lido \u00e9 ter uma aten\u00e7\u00e3o prim\u00e1ria forte. A gente realiza quase 11 milh\u00f5es de consultar por ano\u201d.<\/p>\n\n\n\n<p>Edi\u00e7\u00e3o: Gra\u00e7a Adjuto<\/p>\n","protected":false},"excerpt":{"rendered":"<p>Por Ana Cristina Campos &#8211; Rep\u00f3rter da Ag\u00eancia Brasil &#8211; Rio de Janeiro O munic\u00edpio<\/p>\n","protected":false},"author":2,"featured_media":76185,"comment_status":"open","ping_status":"open","sticky":false,"template":"","format":"standard","meta":{"footnotes":""},"categories":[17],"tags":[],"class_list":["post-76184","post","type-post","status-publish","format-standard","has-post-thumbnail","hentry","category-outras-noticias"],"_links":{"self":[{"href":"https:\/\/tvc16.com\/portal\/wp-json\/wp\/v2\/posts\/76184","targetHints":{"allow":["GET"]}}],"collection":[{"href":"https:\/\/tvc16.com\/portal\/wp-json\/wp\/v2\/posts"}],"about":[{"href":"https:\/\/tvc16.com\/portal\/wp-json\/wp\/v2\/types\/post"}],"author":[{"embeddable":true,"href":"https:\/\/tvc16.com\/portal\/wp-json\/wp\/v2\/users\/2"}],"replies":[{"embeddable":true,"href":"https:\/\/tvc16.com\/portal\/wp-json\/wp\/v2\/comments?post=76184"}],"version-history":[{"count":1,"href":"https:\/\/tvc16.com\/portal\/wp-json\/wp\/v2\/posts\/76184\/revisions"}],"predecessor-version":[{"id":76186,"href":"https:\/\/tvc16.com\/portal\/wp-json\/wp\/v2\/posts\/76184\/revisions\/76186"}],"wp:featuredmedia":[{"embeddable":true,"href":"https:\/\/tvc16.com\/portal\/wp-json\/wp\/v2\/media\/76185"}],"wp:attachment":[{"href":"https:\/\/tvc16.com\/portal\/wp-json\/wp\/v2\/media?parent=76184"}],"wp:term":[{"taxonomy":"category","embeddable":true,"href":"https:\/\/tvc16.com\/portal\/wp-json\/wp\/v2\/categories?post=76184"},{"taxonomy":"post_tag","embeddable":true,"href":"https:\/\/tvc16.com\/portal\/wp-json\/wp\/v2\/tags?post=76184"}],"curies":[{"name":"wp","href":"https:\/\/api.w.org\/{rel}","templated":true}]}}