{"id":762,"date":"2020-09-19T16:25:43","date_gmt":"2020-09-19T16:25:43","guid":{"rendered":"https:\/\/tvc16.com\/portal\/?p=762"},"modified":"2020-09-19T16:25:43","modified_gmt":"2020-09-19T16:25:43","slug":"taxa-de-incendio-2020-do-corpo-de-bombeiros-vence-em-outubro","status":"publish","type":"post","link":"https:\/\/tvc16.com\/portal\/2020\/09\/19\/taxa-de-incendio-2020-do-corpo-de-bombeiros-vence-em-outubro\/","title":{"rendered":"Taxa de Inc\u00eandio 2020 do Corpo de Bombeiros vence em outubro"},"content":{"rendered":"\n<p><\/p>\n\n\n\n<p><em>Originalmente&nbsp;previsto para abril, prazo foi prorrogado por conta da pandemia. Tributo \u00e9 aplicado diretamente em melhorias na corpora\u00e7\u00e3o<\/em><\/p>\n\n\n\n<p>Os contribuintes do Estado do Rio de Janeiro t\u00eam at\u00e9 outubro para quitar a Taxa de Inc\u00eandio 2020 (Exerc\u00edcio 2019) do Corpo de Bombeiros Militar do Estado do Rio de Janeiro (CBMERJ). O tributo, com vencimento originalmente&nbsp;previsto para abril deste ano, foi prorrogado em virtude do per\u00edodo de pandemia e suas consequ\u00eancias econ\u00f4micas.&nbsp;As novas datas para pagamento est\u00e3o compreendidas entre osdias&nbsp;<strong>05 e 09 de outubro.&nbsp;<\/strong><\/p>\n\n\n\n<p>\u00c9 importante ressaltar que n\u00e3o ser\u00e1 enviado um novo boleto. O contribuinte que j\u00e1 recebeu o documento com vencimento em abril pode pag\u00e1-lo, sem qualquer acr\u00e9scimo, at\u00e9 a nova data (vide tabela abaixo). Quem ainda n\u00e3o recebeu o tributo pelos Correios, ou preferir, pode emitir uma segunda via no site do Funesbom:&nbsp;<a rel=\"noreferrer noopener\" target=\"_blank\" href=\"http:\/\/www.funesbom.rj.gov.br\/\">www.funesbom.rj.gov.br<\/a>.<\/p>\n\n\n\n<p>Para esclarecer d\u00favidas da popula\u00e7\u00e3o, a corpora\u00e7\u00e3o disponibiliza&nbsp;os seguintes canais de comunica\u00e7\u00e3o:<\/p>\n\n\n\n<p><br>E-mail:&nbsp;<a rel=\"noreferrer noopener\" target=\"_blank\" href=\"mailto:taxadeincendio@cbmerj.rj.gov.br\">taxadeincendio@cbmerj.rj.gov.br<\/a><br>Tels: (21) 2333-2955 \/ 2953 \/ 2946 \/ 2949 \/ 2954 \/ 2950<\/p>\n\n\n\n<p>Hor\u00e1rio de atendimento: 8h \u00e0s 12h e 13h \u00e0s 16h30<\/p>\n\n\n\n<p><strong>Taxa&nbsp;de&nbsp;Inc\u00eandio<\/strong>&nbsp;&#8211;&nbsp;A contribui\u00e7\u00e3o \u00e9 uma obriga\u00e7\u00e3o tribut\u00e1ria, prevista no C\u00f3digo Tribut\u00e1rio do Estado do Rio&nbsp;de&nbsp;Janeiro. \u00c9 exigida \u00e0s localidades abrangidas pelo sistema&nbsp;de&nbsp;preven\u00e7\u00e3o e extin\u00e7\u00e3o&nbsp;de&nbsp;inc\u00eandios, tanto naquelas que possuem o servi\u00e7o institu\u00eddo pelo Estado, quanto nas cidades vizinhas, desde que as suas sedes sejam distantes at\u00e9 35 km (trinta e cinco quil\u00f4metros) das sedes dos munic\u00edpios em que o servi\u00e7o esteja instalado.<\/p>\n\n\n\n<p>Os recursos s\u00e3o aplicados no reequipamento operacional, na capacita\u00e7\u00e3o e atualiza\u00e7\u00e3o&nbsp;de&nbsp;recursos humanos e na manuten\u00e7\u00e3o do Corpo&nbsp;de&nbsp;Bombeiros e dos \u00f3rg\u00e3os da Secretaria&nbsp;de&nbsp;Estado da Defesa Civil, sempre visando \u00e0 melhoria da presta\u00e7\u00e3o&nbsp;de&nbsp;servi\u00e7os \u00e0 popula\u00e7\u00e3o.<\/p>\n\n\n\n<p><strong>Isen\u00e7\u00e3o&nbsp;<\/strong>&#8211; Conforme prev\u00ea a legisla\u00e7\u00e3o vigente ficam isentos do&nbsp;pagamento&nbsp;os aposentados, pensionistas e portadores&nbsp;de&nbsp;defici\u00eancia f\u00edsica, propriet\u00e1rios ou locat\u00e1rios&nbsp;de&nbsp;apenas um im\u00f3vel residencial no Estado do Rio&nbsp;de&nbsp;Janeiro, medindo at\u00e9 120 (cento e vinte) metros quadrados, e que recebam proventos ou pens\u00e3o&nbsp;de&nbsp;at\u00e9 cinco (5) sal\u00e1rios m\u00ednimos, al\u00e9m&nbsp;de&nbsp;igrejas e templos&nbsp;de&nbsp;qualquer culto. A isen\u00e7\u00e3o ser\u00e1 concedida pelo CBMERJ&nbsp;mediante a apresenta\u00e7\u00e3o, pelo benefici\u00e1rio, da prova do atendimento dos requisitos acima estabelecidos.<\/p>\n\n\n\n<p><strong>Importante:<\/strong><\/p>\n\n\n\n<p>Contribuintes com CPF ou CNPJ cadastrados na base de dados da corpora\u00e7\u00e3o podem pagar o boleto on-line ou em qualquer ag\u00eancia banc\u00e1ria. O c\u00f3digo de barras dos documentos, neste caso, \u00e9 iniciado pela numera\u00e7\u00e3o 237.<br><br>Contribuintes que n\u00e3o est\u00e3o cadastrados e n\u00e3o podem ir ao banco Bradesco para efetuar o pagamento, devem entrar em contato com os colaboradores do Funesbom para orienta\u00e7\u00f5es. Lembrando que o c\u00f3digo de barras dos titulares n\u00e3o cadastrados \u00e9 iniciado pela numera\u00e7\u00e3o 856.<\/p>\n","protected":false},"excerpt":{"rendered":"<p>Originalmente&nbsp;previsto para abril, prazo foi prorrogado por conta da pandemia. Tributo \u00e9 aplicado diretamente em<\/p>\n","protected":false},"author":2,"featured_media":763,"comment_status":"open","ping_status":"open","sticky":false,"template":"","format":"standard","meta":{"footnotes":""},"categories":[17],"tags":[],"class_list":["post-762","post","type-post","status-publish","format-standard","has-post-thumbnail","hentry","category-outras-noticias"],"_links":{"self":[{"href":"https:\/\/tvc16.com\/portal\/wp-json\/wp\/v2\/posts\/762","targetHints":{"allow":["GET"]}}],"collection":[{"href":"https:\/\/tvc16.com\/portal\/wp-json\/wp\/v2\/posts"}],"about":[{"href":"https:\/\/tvc16.com\/portal\/wp-json\/wp\/v2\/types\/post"}],"author":[{"embeddable":true,"href":"https:\/\/tvc16.com\/portal\/wp-json\/wp\/v2\/users\/2"}],"replies":[{"embeddable":true,"href":"https:\/\/tvc16.com\/portal\/wp-json\/wp\/v2\/comments?post=762"}],"version-history":[{"count":1,"href":"https:\/\/tvc16.com\/portal\/wp-json\/wp\/v2\/posts\/762\/revisions"}],"predecessor-version":[{"id":764,"href":"https:\/\/tvc16.com\/portal\/wp-json\/wp\/v2\/posts\/762\/revisions\/764"}],"wp:featuredmedia":[{"embeddable":true,"href":"https:\/\/tvc16.com\/portal\/wp-json\/wp\/v2\/media\/763"}],"wp:attachment":[{"href":"https:\/\/tvc16.com\/portal\/wp-json\/wp\/v2\/media?parent=762"}],"wp:term":[{"taxonomy":"category","embeddable":true,"href":"https:\/\/tvc16.com\/portal\/wp-json\/wp\/v2\/categories?post=762"},{"taxonomy":"post_tag","embeddable":true,"href":"https:\/\/tvc16.com\/portal\/wp-json\/wp\/v2\/tags?post=762"}],"curies":[{"name":"wp","href":"https:\/\/api.w.org\/{rel}","templated":true}]}}