{"id":76205,"date":"2024-01-19T15:30:25","date_gmt":"2024-01-19T18:30:25","guid":{"rendered":"https:\/\/tvc16.com\/portal\/?p=76205"},"modified":"2024-01-19T15:30:26","modified_gmt":"2024-01-19T18:30:26","slug":"enel-rio-alerta-clientes-para-fortes-chuvas-neste-fim-de-semana-e-aciona-plano-de-emergencia","status":"publish","type":"post","link":"https:\/\/tvc16.com\/portal\/2024\/01\/19\/enel-rio-alerta-clientes-para-fortes-chuvas-neste-fim-de-semana-e-aciona-plano-de-emergencia\/","title":{"rendered":"Enel Rio alerta clientes para fortes chuvas neste fim de semana e aciona plano de emerg\u00eancia"},"content":{"rendered":"\n<p>Com o alerta da meteorologia para a possibilidade de tempestades entre hoje (19.01) e domingo (21.01) no Estado do Rio de Janeiro, a Enel Distribui\u00e7\u00e3o Rio acionou o seu plano de emerg\u00eancia para eventos clim\u00e1ticos e estar\u00e1 em plena mobiliza\u00e7\u00e3o durante todo o fim de semana, com refor\u00e7o das equipes operacionais e dos canais de atendimento para eventuais ocorr\u00eancias que envolvam o fornecimento de energia nos 66 munic\u00edpios atendidos pela empresa.<\/p>\n\n\n\n<p>O plano prev\u00ea a mobiliza\u00e7\u00e3o de at\u00e9 tr\u00eas vezes o n\u00famero de equipes em campo e o refor\u00e7o de todos os canais de atendimento, incluindo o call center, que poder\u00e1 ter a capacidade dobrada em casos de um evento clim\u00e1tico severo. Desde a manh\u00e3 desta sexta-feira (19), a empresa tem realizado a\u00e7\u00f5es de comunica\u00e7\u00e3o direta com os clientes cadastrados, incluindo o envio de e-mail para alertar a popula\u00e7\u00e3o sobre os riscos das chuvas. A distribuidora tem mantido di\u00e1logo tamb\u00e9m com as principais autoridades estaduais e dos munic\u00edpios de sua \u00e1rea de concess\u00e3o.<\/p>\n\n\n\n<p>Em situa\u00e7\u00f5es de conting\u00eancia,&nbsp;a&nbsp;Enel orienta o cliente a priorizar as solicita\u00e7\u00f5es de falta de luz pelos canais digitais da concession\u00e1ria: site (<a href=\"https:\/\/na01.safelinks.protection.outlook.com\/?url=http%3A%2F%2Fwww.enel.com.br%2F&amp;data=05%7C02%7C%7C74f943e0f8a44e85686e08dc1919dde9%7C84df9e7fe9f640afb435aaaaaaaaaaaa%7C1%7C0%7C638412846157262409%7CUnknown%7CTWFpbGZsb3d8eyJWIjoiMC4wLjAwMDAiLCJQIjoiV2luMzIiLCJBTiI6Ik1haWwiLCJXVCI6Mn0%3D%7C3000%7C%7C%7C&amp;sdata=UPIHvB%2BsHr0a6Wh%2BBKbIYMZPE2TLL9XnGF%2B5NY%2FoK7E%3D&amp;reserved=0\" target=\"_blank\" rel=\"noreferrer noopener\">www.enel.com.br<\/a>), aplicativo Enel (dispon\u00edvel para iOS e Android) e WhatsApp Elena: (21) 99601-9608.<\/p>\n\n\n\n<p><strong>Durante a tempestade, permane\u00e7a em seguran\u00e7a<\/strong><\/p>\n\n\n\n<p><em>&#8211; Se encontrar em cabo partido, n\u00e3o se aproxime;&nbsp;&nbsp;<\/em>&nbsp;<\/p>\n\n\n\n<p><em>&#8211; N\u00e3o encoste em objetos met\u00e1licos: como sem\u00e1foros, postes de ilumina\u00e7\u00e3o p\u00fablica, pontos de \u00f4nibus, port\u00f5es e grades em uma enchente;<\/em><\/p>\n\n\n\n<p><em>&#8211; Retire os equipamentos da tomada e deixe-os fora do alcance da \u00e1gua;<\/em>&nbsp;<\/p>\n\n\n\n<p><em>&#8211; Busque abrigo seguro: em caso de ventos intensos, procure locais seguros, longe de estruturas suscet\u00edveis a danos, como postes, \u00e1rvores ou fia\u00e7\u00f5es el\u00e9tricas;<\/em><em>&nbsp;<\/em><\/p>\n\n\n\n<p><em>&#8211; Evite \u00e1reas arborizadas: durante tempestades, h\u00e1 risco de queda de \u00e1rvores.<\/em><em>&nbsp;<\/em><\/p>\n\n\n\n<p><strong>Sobre a Enel Distribui\u00e7\u00e3o Rio<\/strong><\/p>\n\n\n\n<p><br>A Enel Distribui\u00e7\u00e3o Rio, subsidi\u00e1ria da multinacional italiana Enel, atende 66 munic\u00edpios do estado do Rio de Janeiro, abrangendo 73% do territ\u00f3rio estadual, com cobertura de uma \u00e1rea de 32.188 km\u00b2. A Regi\u00e3o Metropolitana de Niter\u00f3i e S\u00e3o Gon\u00e7alo e os munic\u00edpios de Itabora\u00ed e Mag\u00e9 representam a maior concentra\u00e7\u00e3o do total de 2,7 milh\u00f5es de clientes atendidos pela companhia.<\/p>\n\n\n\n<p>Foto: Ag\u00eancia Brasil<\/p>\n","protected":false},"excerpt":{"rendered":"<p>Com o alerta da meteorologia para a possibilidade de tempestades entre hoje (19.01) e domingo<\/p>\n","protected":false},"author":2,"featured_media":25979,"comment_status":"open","ping_status":"open","sticky":false,"template":"","format":"standard","meta":{"footnotes":""},"categories":[12],"tags":[],"class_list":["post-76205","post","type-post","status-publish","format-standard","has-post-thumbnail","hentry","category-cidade"],"_links":{"self":[{"href":"https:\/\/tvc16.com\/portal\/wp-json\/wp\/v2\/posts\/76205","targetHints":{"allow":["GET"]}}],"collection":[{"href":"https:\/\/tvc16.com\/portal\/wp-json\/wp\/v2\/posts"}],"about":[{"href":"https:\/\/tvc16.com\/portal\/wp-json\/wp\/v2\/types\/post"}],"author":[{"embeddable":true,"href":"https:\/\/tvc16.com\/portal\/wp-json\/wp\/v2\/users\/2"}],"replies":[{"embeddable":true,"href":"https:\/\/tvc16.com\/portal\/wp-json\/wp\/v2\/comments?post=76205"}],"version-history":[{"count":1,"href":"https:\/\/tvc16.com\/portal\/wp-json\/wp\/v2\/posts\/76205\/revisions"}],"predecessor-version":[{"id":76206,"href":"https:\/\/tvc16.com\/portal\/wp-json\/wp\/v2\/posts\/76205\/revisions\/76206"}],"wp:featuredmedia":[{"embeddable":true,"href":"https:\/\/tvc16.com\/portal\/wp-json\/wp\/v2\/media\/25979"}],"wp:attachment":[{"href":"https:\/\/tvc16.com\/portal\/wp-json\/wp\/v2\/media?parent=76205"}],"wp:term":[{"taxonomy":"category","embeddable":true,"href":"https:\/\/tvc16.com\/portal\/wp-json\/wp\/v2\/categories?post=76205"},{"taxonomy":"post_tag","embeddable":true,"href":"https:\/\/tvc16.com\/portal\/wp-json\/wp\/v2\/tags?post=76205"}],"curies":[{"name":"wp","href":"https:\/\/api.w.org\/{rel}","templated":true}]}}