{"id":76220,"date":"2024-01-22T08:00:00","date_gmt":"2024-01-22T11:00:00","guid":{"rendered":"https:\/\/tvc16.com\/portal\/?p=76220"},"modified":"2024-01-19T21:42:03","modified_gmt":"2024-01-20T00:42:03","slug":"setor-de-raio-x-do-hospital-raul-serta-sofre-com-irregularidades","status":"publish","type":"post","link":"https:\/\/tvc16.com\/portal\/2024\/01\/22\/setor-de-raio-x-do-hospital-raul-serta-sofre-com-irregularidades\/","title":{"rendered":"Setor de Raio X do Hospital Raul Sert\u00e3 sofre com irregularidades"},"content":{"rendered":"\n<p>*Leandra Lima<\/p>\n\n\n\n<p>Repercutiu na \u00faltima semana os problemas relacionados ao setor de raio x do Hospital Raul Sert\u00e3, localizado em Nova Friburgo. Na ocasi\u00e3o, funcion\u00e1rios e vereadores locais denunciaram a falta de equipamentos e materiais necess\u00e1rios para realiza\u00e7\u00e3o dos exames, o que resultou na impress\u00e3o do raio x em pap\u00e9is de folha A4, algo proibido pela Ag\u00eancia Nacional de Vigil\u00e2ncia Sanit\u00e1ria (ANVISA). &nbsp;A situa\u00e7\u00e3o deixou pacientes sem laudos pois tamb\u00e9m n\u00e3o havia um sistema de compartilhamento de imagem para os computadores dos m\u00e9dicos e segundo os mesmos n\u00e3o h\u00e1 como dar um diagn\u00f3stico, observando um exame em papel branco. Devido a gravidade, os parlamentares Priscilla Pitta (Cidadania) e Marcinho (Republicanos) levaram o caso para o Minist\u00e9rio P\u00fablico. &nbsp;Funcion\u00e1rios do hospital falam que os problemas no setor de raio x v\u00e3o al\u00e9m dos mostrados e que a ala sofre com outras diversas irregularidades que colocam em risco a sa\u00fade deles e a do meio ambiente.<\/p>\n\n\n\n<figure class=\"wp-block-image size-large\"><img loading=\"lazy\" decoding=\"async\" width=\"1024\" height=\"580\" src=\"https:\/\/tvc16.com\/portal\/wp-content\/uploads\/2024\/01\/vereador-Maicon-Queiroz-maquinarios-do-setor-de-raio-X-1024x580.jpeg\" alt=\"\" class=\"wp-image-76222\" srcset=\"https:\/\/tvc16.com\/portal\/wp-content\/uploads\/2024\/01\/vereador-Maicon-Queiroz-maquinarios-do-setor-de-raio-X-1024x580.jpeg 1024w, https:\/\/tvc16.com\/portal\/wp-content\/uploads\/2024\/01\/vereador-Maicon-Queiroz-maquinarios-do-setor-de-raio-X-300x170.jpeg 300w, https:\/\/tvc16.com\/portal\/wp-content\/uploads\/2024\/01\/vereador-Maicon-Queiroz-maquinarios-do-setor-de-raio-X-768x435.jpeg 768w, https:\/\/tvc16.com\/portal\/wp-content\/uploads\/2024\/01\/vereador-Maicon-Queiroz-maquinarios-do-setor-de-raio-X.jpeg 1069w\" sizes=\"auto, (max-width: 1024px) 100vw, 1024px\" \/><figcaption class=\"wp-element-caption\">Maquin\u00e1rio do Setor de Raio X &#8211; Fotos: Vereador Maicon Queiroz<\/figcaption><\/figure>\n\n\n\n<p>\u201cNa sala de raio x tem v\u00e1rios gases t\u00f3xicos que a gente ao revelar e fechar a porta, fica trancado, inalando esses gases. Falta um climatizador e um exaustor na c\u00e2mara escura dentro da sala.\u201d, contou um funcion\u00e1rio que desejou n\u00e3o ser identificado. Outro colaborador do setor tamb\u00e9m listou uma s\u00e9rie de precariedade, \u201c o que est\u00e1 pegando l\u00e1 \u00e9 que eles n\u00e3o est\u00e3o de acordo com as normas de seguran\u00e7a. N\u00e3o tem luz \u00e2mbar dentro da c\u00e2mera escura, os m\u00f3veis l\u00e1 j\u00e1 est\u00e3o caindo em peda\u00e7os, o qu\u00edmico n\u00e3o est\u00e1 tendo a devida aten\u00e7\u00e3o, os res\u00edduos est\u00e3o sendo jogados no esgoto comum do Sert\u00e3, o que n\u00e3o pode, pois tem o risco de contaminar o meio ambiente. Tem a quest\u00e3o da exaust\u00e3o que n\u00e3o tem, est\u00e1 fora do adequado, o que acaba causando um problema na imagem. Falta um term\u00f4metro para medir a temperatura, entre outras coisas graves que prejudicam o funcionamento e os pacientes.\u201d, relatou.<\/p>\n\n\n\n<p>Frente \u00e0s den\u00fancias representantes do Conselho Regional de T\u00e9cnicos em Radiologia do Rio de Janeiro visitaram o Hospital Raul Sert\u00e3. &nbsp;E segundo a entrevista que concederam para a rede de televis\u00e3o Intertv, filiada&nbsp;da Globo, os ambientes fiscalizados sofrem com uma gama de inconsist\u00eancias sanit\u00e1rias. O conselho afirmou que levar\u00e1 o caso para a Anvisa e para o Minist\u00e9rio P\u00fablico do Estado do Rio de Janeiro.<\/p>\n\n\n\n<p><strong>Problema antigo<\/strong><\/p>\n\n\n\n<p>A situa\u00e7\u00e3o atual do setor \u00e9 recorrente de diversas irregularidades de infraestrutura que se acumularam durante anos, servidores paralisaram os trabalhos na ala em 2022 por conta da insalubridade do local. &nbsp;Conforme expressa o vereador Maicon Queiroz, o epis\u00f3dio atual s\u00f3 ressalta os antigos problemas, em 2021 o vereador realizou uma fiscaliza\u00e7\u00e3o na ala ap\u00f3s receber den\u00fancias &nbsp;sobre o aparelho de mamografia quebrado, ao chegar constatou a vulnerabilidade do setor e a partir disso prop\u00f4s uma audi\u00eancia p\u00fablica na c\u00e2mara municipal. \u201cJunto com os funcion\u00e1rios eu propus uma audi\u00eancia p\u00fablica na C\u00e2mara onde estiveram presentes procuradoria da prefeitura, Secret\u00e1rio de governo Rodrigo Ascoly, e a defensora p\u00fablica Dra Maysa, que n\u00e3o est\u00e1 mais no caso. &nbsp;A partir da audi\u00eancia houve uma a\u00e7\u00e3o por parte da Defensoria P\u00fablica em conjunto com o Minist\u00e9rio P\u00fablico para que a prefeitura fizesse uma s\u00e9rie de adequa\u00e7\u00f5es na \u00e1rea com reformas melhores do equipamento. &nbsp;Inclusive o raio X digital que est\u00e1 sendo alvo das reclama\u00e7\u00f5es agora, ficou lacrado na caixa em um corredor do hospital durante um tempo.\u201d, disse.<\/p>\n\n\n\n<p><strong>O que disse a Prefeitura<\/strong><\/p>\n\n\n\n<p>A Prefeitura Municipal de Nova Friburgo informou em nota que os servi\u00e7os na sala de raio X retornaram \u00e0 normalidade na quinta-feira(18). E a Secretaria de Sa\u00fade do munic\u00edpio comunicou que j\u00e1 abriu um canal de di\u00e1logo com os servidores do Setor de Raio-X, visando resolver os problemas apontados por eles, e o pr\u00f3prio secret\u00e1rio, que assumiu a gest\u00e3o no \u00faltimo dia 4, esteve l\u00e1 pessoalmente v\u00e1rias vezes desde ent\u00e3o. A secretaria ressaltou que a maioria dessas demandas precisa de licita\u00e7\u00e3o, cujos encaminhamentos j\u00e1 est\u00e3o sendo feitos para adequar as estruturas f\u00edsica e de trabalho. &nbsp;Continuou explicando que logo na primeira semana do ano, foi conclu\u00edda uma licita\u00e7\u00e3o de insumos para o setor e o material deve ser entregue em poucos dias.<\/p>\n\n\n\n<p>\u00a0(\u2026.) \u201cA processadora foi enviada para manuten\u00e7\u00e3o imediatamente ap\u00f3s apresentar defeito e o atendimento do Sisreg foi suspenso temporariamente para n\u00e3o sobrecarregar o atendimento de urg\u00eancia e emerg\u00eancia do Hospital Raul Sert\u00e3. J\u00e1 existe processo em andamento para a compra de equipamentos mais modernos para o setor de Raio-X , o que vai permitir agilidade na realiza\u00e7\u00e3o e o compartilhamento dos exames com o computador dos m\u00e9dicos.\u201d<br>\u00a0<br>E finalizou declarando que nenhuma queixa formal ou recusa do exame impresso em papel foi registrada pelos m\u00e9dicos \u00e0 dire\u00e7\u00e3o do Hospital.<\/p>\n\n\n\n<p>* Estagi\u00e1ria<\/p>\n","protected":false},"excerpt":{"rendered":"<p>*Leandra Lima Repercutiu na \u00faltima semana os problemas relacionados ao setor de raio x do<\/p>\n","protected":false},"author":2,"featured_media":76221,"comment_status":"open","ping_status":"open","sticky":false,"template":"","format":"standard","meta":{"footnotes":""},"categories":[12],"tags":[],"class_list":["post-76220","post","type-post","status-publish","format-standard","has-post-thumbnail","hentry","category-cidade"],"_links":{"self":[{"href":"https:\/\/tvc16.com\/portal\/wp-json\/wp\/v2\/posts\/76220","targetHints":{"allow":["GET"]}}],"collection":[{"href":"https:\/\/tvc16.com\/portal\/wp-json\/wp\/v2\/posts"}],"about":[{"href":"https:\/\/tvc16.com\/portal\/wp-json\/wp\/v2\/types\/post"}],"author":[{"embeddable":true,"href":"https:\/\/tvc16.com\/portal\/wp-json\/wp\/v2\/users\/2"}],"replies":[{"embeddable":true,"href":"https:\/\/tvc16.com\/portal\/wp-json\/wp\/v2\/comments?post=76220"}],"version-history":[{"count":2,"href":"https:\/\/tvc16.com\/portal\/wp-json\/wp\/v2\/posts\/76220\/revisions"}],"predecessor-version":[{"id":76224,"href":"https:\/\/tvc16.com\/portal\/wp-json\/wp\/v2\/posts\/76220\/revisions\/76224"}],"wp:featuredmedia":[{"embeddable":true,"href":"https:\/\/tvc16.com\/portal\/wp-json\/wp\/v2\/media\/76221"}],"wp:attachment":[{"href":"https:\/\/tvc16.com\/portal\/wp-json\/wp\/v2\/media?parent=76220"}],"wp:term":[{"taxonomy":"category","embeddable":true,"href":"https:\/\/tvc16.com\/portal\/wp-json\/wp\/v2\/categories?post=76220"},{"taxonomy":"post_tag","embeddable":true,"href":"https:\/\/tvc16.com\/portal\/wp-json\/wp\/v2\/tags?post=76220"}],"curies":[{"name":"wp","href":"https:\/\/api.w.org\/{rel}","templated":true}]}}