{"id":76225,"date":"2024-01-22T10:00:00","date_gmt":"2024-01-22T13:00:00","guid":{"rendered":"https:\/\/tvc16.com\/portal\/?p=76225"},"modified":"2024-01-19T21:57:37","modified_gmt":"2024-01-20T00:57:37","slug":"pontos-de-apoio-nao-estao-prontos-para-o-verao-aponta-vereadora-julia","status":"publish","type":"post","link":"https:\/\/tvc16.com\/portal\/2024\/01\/22\/pontos-de-apoio-nao-estao-prontos-para-o-verao-aponta-vereadora-julia\/","title":{"rendered":"Pontos de apoio n\u00e3o est\u00e3o prontos para o ver\u00e3o, aponta vereadora J\u00falia"},"content":{"rendered":"\n<p><em>Foi formulado, pela Comiss\u00e3o Especial da C\u00e2mara Municipal, um relat\u00f3rio contendo 64 Pontos de Apoio de Petr\u00f3polis<\/em><\/p>\n\n\n\n<p><em>Por Gabriel Rattes<\/em><\/p>\n\n\n\n<p>A Comiss\u00e3o Especial da C\u00e2mara Municipal de Petr\u00f3polis, formulou um relat\u00f3rio sobre as condi\u00e7\u00f5es de 64 dos 67 Pontos de Apoio \u00e0 desastres socioambientais do munic\u00edpio, listados pela Defesa Civil. Presidida pela vereadora J\u00falia Casamasso (Coletiva Feminista Popular), a formula\u00e7\u00e3o do documento ainda contou com a participa\u00e7\u00e3o dos vereadores Hingo Hammes (Uni\u00e3o) e Marcelo Chit\u00e3o (PL). No relat\u00f3rio, os vereadores chegaram \u00e0 conclus\u00e3o de que os pontos n\u00e3o est\u00e3o preparados para servirem de apoio em casos de emerg\u00eancia. Apenas dois dos pontos analisados, possuem protocolo de abertura determinado pela Defesa Civil. Nenhum deles possui reserva de \u00e1gua pot\u00e1vel, alimentos n\u00e3o perec\u00edveis, kit b\u00e1sico de primeiros socorros, colchonetes, cobertores e nem equipamentos de comunica\u00e7\u00e3o independente, fornecidos pelo \u00d3rg\u00e3o de defesa.<\/p>\n\n\n\n<figure class=\"wp-block-image size-large\"><img loading=\"lazy\" decoding=\"async\" width=\"1024\" height=\"683\" src=\"https:\/\/tvc16.com\/portal\/wp-content\/uploads\/2024\/01\/Vereadora-Julia-Casamasso-assessoria-1024x683.jpeg\" alt=\"\" class=\"wp-image-76226\" srcset=\"https:\/\/tvc16.com\/portal\/wp-content\/uploads\/2024\/01\/Vereadora-Julia-Casamasso-assessoria-1024x683.jpeg 1024w, https:\/\/tvc16.com\/portal\/wp-content\/uploads\/2024\/01\/Vereadora-Julia-Casamasso-assessoria-300x200.jpeg 300w, https:\/\/tvc16.com\/portal\/wp-content\/uploads\/2024\/01\/Vereadora-Julia-Casamasso-assessoria-768x512.jpeg 768w, https:\/\/tvc16.com\/portal\/wp-content\/uploads\/2024\/01\/Vereadora-Julia-Casamasso-assessoria-1536x1024.jpeg 1536w, https:\/\/tvc16.com\/portal\/wp-content\/uploads\/2024\/01\/Vereadora-Julia-Casamasso-assessoria-2048x1366.jpeg 2048w, https:\/\/tvc16.com\/portal\/wp-content\/uploads\/2024\/01\/Vereadora-Julia-Casamasso-assessoria-900x600.jpeg 900w\" sizes=\"auto, (max-width: 1024px) 100vw, 1024px\" \/><figcaption class=\"wp-element-caption\"><em>Vereadora Julia Casamasso &#8211; Foto: Assessoria vereadora<\/em><\/figcaption><\/figure>\n\n\n\n<p>\u201cO que constatamos \u00e9 que se tratando dos pontos de apoio, a cidade de Petr\u00f3polis n\u00e3o est\u00e1 preparada. H\u00e1 insufici\u00eancia na maioria dos equipamentos e isso coloca uma enorme preocupa\u00e7\u00e3o para os cidad\u00e3os petropolitanos, e todos que se preocupam com a vida e seguran\u00e7a. Verificamos que n\u00e3o h\u00e1 orienta\u00e7\u00e3o clara para toda sociedade e pouco investimento em dissemina\u00e7\u00e3o de informa\u00e7\u00e3o representando uma lacuna cr\u00edtica na garantia de seguran\u00e7a das pessoas e na estrutura\u00e7\u00e3o de pol\u00edticas efetivas de preven\u00e7\u00e3o\u201d, destaca a vereadora.<\/p>\n\n\n\n<p>Foi verificado que 95,3% dos postos (61), n\u00e3o possuem sinaliza\u00e7\u00e3o ao entorno do local, orientando sobre o caminho ao Ponto de Apoio e de que 85,9% (55) n\u00e3o possuem espa\u00e7o adequado para armazenar ferramentas e equipamentos da Defesa Civil.<\/p>\n\n\n\n<p>De todas as unidades visitadas, 14 s\u00e3o Centros de Educa\u00e7\u00e3o Infantil (CEI) com mob\u00edlia e infraestrutura adaptada para crian\u00e7as de 0 a 5 anos. \u201cPenso em incrementar no projeto para n\u00f3s tentarmos retirar esse ponto de apoio das escolas e creches do munic\u00edpio. Como teve escola que ficou setenta dias sem aula, em fun\u00e7\u00e3o de ser um ponto de apoio. Temos a Dona Isabel que pode ser desapropriada e tornar um ponto de apoio tempor\u00e1rio. Tem o pr\u00e9dio da Floriano Peixoto tamb\u00e9m. N\u00f3s temos como construir coisas maiores que possam realmente atender fam\u00edlias\u201d, afirmou Hingo Hammes, que tamb\u00e9m fez parte da Comiss\u00e3o de dragagem dos rios em Petr\u00f3polis.<\/p>\n\n\n\n<figure class=\"wp-block-image size-full\"><img loading=\"lazy\" decoding=\"async\" width=\"1024\" height=\"576\" src=\"https:\/\/tvc16.com\/portal\/wp-content\/uploads\/2024\/01\/Vistoria-de-pontos-de-apoio.jpeg\" alt=\"\" class=\"wp-image-76228\" srcset=\"https:\/\/tvc16.com\/portal\/wp-content\/uploads\/2024\/01\/Vistoria-de-pontos-de-apoio.jpeg 1024w, https:\/\/tvc16.com\/portal\/wp-content\/uploads\/2024\/01\/Vistoria-de-pontos-de-apoio-300x169.jpeg 300w, https:\/\/tvc16.com\/portal\/wp-content\/uploads\/2024\/01\/Vistoria-de-pontos-de-apoio-768x432.jpeg 768w\" sizes=\"auto, (max-width: 1024px) 100vw, 1024px\" \/><figcaption class=\"wp-element-caption\"><em>Vistoria realizada por Vereadores e membros da Defesa Civil &#8211; Divulga\u00e7\u00e3o<\/em><\/figcaption><\/figure>\n\n\n\n<p>Com base no question\u00e1rio feito pela Comiss\u00e3o e aplicado aos respons\u00e1veis pelo equipamento listado como ponto de apoio, pode-se constatar tamb\u00e9m que: nenhum ponto possui gerador para fornecimento independente de energia; 29,7% (19) n\u00e3o possuem sinaliza\u00e7\u00e3o clara para orientar as v\u00edtimas e volunt\u00e1rios dentro do local; 40,6% (26) desconhecem a exist\u00eancia de protocolo para abertura; e 42,2% (27) dos pontos analisados n\u00e3o possuem banheiros para atendimento a PCD&#8217;s ou mobilidade reduzida.<\/p>\n\n\n\n<p>\u201cUma das escolas visitadas possui uma escadaria que leva \u00e0s salas de aula, refeit\u00f3rio, p\u00e1tio e outros espa\u00e7os, impossibilitando o acesso especificamente dos PCD\u2019s ou pessoas com mobilidade reduzida, inclusive de idosos\u201d, explica J\u00falia.<\/p>\n\n\n\n<p>O que diz a Prefeitura?<\/p>\n\n\n\n<p>Questionada sobre a efic\u00e1cia e seguran\u00e7a dos pontos de apoio, a Administra\u00e7\u00e3o respondeu que: \u201cA Prefeitura de Petr\u00f3polis n\u00e3o foi comunicada oficialmente sobre o conte\u00fado do relat\u00f3rio e ir\u00e1 se posicionar ap\u00f3s ser informada de forma oficial e, desta forma, poder analisar o documento\u201d.<\/p>\n\n\n\n<p>No entanto, a vereadora J\u00falia Casamasso afirma que a Prefeitura foi convidada para o evento de lan\u00e7amento do relat\u00f3rio. \u201cInfelizmente, n\u00e3o enviaram representante. No decorrer do trabalho da Comiss\u00e3o, as Secretarias de Educa\u00e7\u00e3o, Assist\u00eancia Social e Defesa Civil foram chamadas por of\u00edcio, semanalmente, para acompanhar todas as visitas realizadas aos Pontos de Apoio\u201d, afirmou.<\/p>\n\n\n\n<p>O documento foi enviado para Secretarias do Governo Municipal, como Assist\u00eancia Social e Defesa Civil. Tamb\u00e9m foi enviado ao Governo do Estado e Minist\u00e9rio P\u00fablico Estadual.<\/p>\n","protected":false},"excerpt":{"rendered":"<p>Foi formulado, pela Comiss\u00e3o Especial da C\u00e2mara Municipal, um relat\u00f3rio contendo 64 Pontos de Apoio<\/p>\n","protected":false},"author":2,"featured_media":76227,"comment_status":"open","ping_status":"open","sticky":false,"template":"","format":"standard","meta":{"footnotes":""},"categories":[12],"tags":[],"class_list":["post-76225","post","type-post","status-publish","format-standard","has-post-thumbnail","hentry","category-cidade"],"_links":{"self":[{"href":"https:\/\/tvc16.com\/portal\/wp-json\/wp\/v2\/posts\/76225","targetHints":{"allow":["GET"]}}],"collection":[{"href":"https:\/\/tvc16.com\/portal\/wp-json\/wp\/v2\/posts"}],"about":[{"href":"https:\/\/tvc16.com\/portal\/wp-json\/wp\/v2\/types\/post"}],"author":[{"embeddable":true,"href":"https:\/\/tvc16.com\/portal\/wp-json\/wp\/v2\/users\/2"}],"replies":[{"embeddable":true,"href":"https:\/\/tvc16.com\/portal\/wp-json\/wp\/v2\/comments?post=76225"}],"version-history":[{"count":1,"href":"https:\/\/tvc16.com\/portal\/wp-json\/wp\/v2\/posts\/76225\/revisions"}],"predecessor-version":[{"id":76229,"href":"https:\/\/tvc16.com\/portal\/wp-json\/wp\/v2\/posts\/76225\/revisions\/76229"}],"wp:featuredmedia":[{"embeddable":true,"href":"https:\/\/tvc16.com\/portal\/wp-json\/wp\/v2\/media\/76227"}],"wp:attachment":[{"href":"https:\/\/tvc16.com\/portal\/wp-json\/wp\/v2\/media?parent=76225"}],"wp:term":[{"taxonomy":"category","embeddable":true,"href":"https:\/\/tvc16.com\/portal\/wp-json\/wp\/v2\/categories?post=76225"},{"taxonomy":"post_tag","embeddable":true,"href":"https:\/\/tvc16.com\/portal\/wp-json\/wp\/v2\/tags?post=76225"}],"curies":[{"name":"wp","href":"https:\/\/api.w.org\/{rel}","templated":true}]}}