{"id":76230,"date":"2024-01-20T09:00:00","date_gmt":"2024-01-20T12:00:00","guid":{"rendered":"https:\/\/tvc16.com\/portal\/?p=76230"},"modified":"2024-01-19T22:18:12","modified_gmt":"2024-01-20T01:18:12","slug":"projeto-piloto-distribui-155-radios-comunicadores-aos-nudecs-de-petropolis","status":"publish","type":"post","link":"https:\/\/tvc16.com\/portal\/2024\/01\/20\/projeto-piloto-distribui-155-radios-comunicadores-aos-nudecs-de-petropolis\/","title":{"rendered":"Projeto piloto distribui 155 r\u00e1dios comunicadores aos Nudecs de Petr\u00f3polis"},"content":{"rendered":"\n<p>A Secretaria de Prote\u00e7\u00e3o e Defesa Civil e em parceria com a SOS Serra, est\u00e1 realizando a implementa\u00e7\u00e3o do projeto piloto de radiocomunica\u00e7\u00e3o nos N\u00facleos de Defesa Civil Comunit\u00e1rios (Nudecs). Ao todo ser\u00e3o 155 r\u00e1dios comunicadores distribu\u00eddos para os 31 Nudecs da cidade.<\/p>\n\n\n\n<p>A apresenta\u00e7\u00e3o dos r\u00e1dios comunicadores vai acontecer em um encontro com os Nudecs neste s\u00e1bado (20), das 09h \u00e0s 12h, no espa\u00e7o do SOS Serra, localizado na rua General Rondon, 637, no bairro Quitandinha. E vai funcionar assim: cada n\u00facleo comunit\u00e1rio ficar\u00e1 respons\u00e1vel por 2 a 3 r\u00e1dios, crit\u00e9rio definido a partir da abrang\u00eancia de localidades do Nudec, que somente poder\u00e3o ser utilizados para comunica\u00e7\u00e3o de emerg\u00eancia direta com a Defesa Civil e com outros membros do Nudec de sua regi\u00e3o. Um curso para r\u00e1dio comunicadores ser\u00e1 ministrado no m\u00eas de fevereiro para utiliza\u00e7\u00e3o correta dos equipamentos.<\/p>\n\n\n\n<p>Segundo o Secret\u00e1rio de Prote\u00e7\u00e3o e Defesa Civil de Petr\u00f3polis, tenente-coronel Gil Kempers, \u00e9 a primeira vez na hist\u00f3ria da Defesa Civil que a comunidade recebe equipamentos para radiocomunica\u00e7\u00e3o em momento de emerg\u00eancia: \u201cEste \u00e9 um projeto piloto, inovador. Cada Nudec vai receber capacita\u00e7\u00e3o para saber usar o r\u00e1dio, que \u00e9 a rede de comunica\u00e7\u00e3o que mais funciona em momento de desastre, quando h\u00e1 queda de internet e telefone. Importante ressaltar que n\u00e3o \u00e9 uma frequ\u00eancia aberta, \u00e9 um recurso para ser usado somente durante um momento de crise, n\u00e3o para a comunica\u00e7\u00e3o do dia a dia. A Defesa Civil orienta o momento que os r\u00e1dios podem \u2013 e devem \u2013 ser acionados\u201d, disse.<\/p>\n\n\n\n<p>Neste primeiro encontro, al\u00e9m dos r\u00e1dios comunicadores, a Defesa Civil vai apresentar o mapa de a\u00e7\u00f5es realizadas no munic\u00edpio e o Plano de Resili\u00eancia Individual de Petr\u00f3polis (PRI), e l\u00edderes de 3 Nudecs v\u00e3o relatar suas experi\u00eancias: Dr. Thouzet, Caxambu e Floresta.<\/p>\n\n\n\n<p>\u201cOs principais projetos n\u00e3o estruturais de Defesa Civil desta gest\u00e3o, principalmente a partir de 2022, estiveram ligados ao fortalecimento dos Nudecs, seja nas capacita\u00e7\u00f5es em diferentes temas ou seja na distribui\u00e7\u00e3o de equipamentos operacionais necess\u00e1rios para qualificar estes n\u00facleos, isso faz com que a comunidade esteja cada vez mais fortalecida em rela\u00e7\u00e3o \u00e0 pol\u00edticas p\u00fablicas de prepara\u00e7\u00e3o, preven\u00e7\u00e3o e resposta. A troca de experi\u00eancias entre as lideran\u00e7as \u00e9 fundamental para a organiza\u00e7\u00e3o e a manuten\u00e7\u00e3o sustent\u00e1vel dos N\u00facleos de Defesa Civil Comunit\u00e1rios\u201d, disse Rodrigo D\u2019Almeida, da equipe de projetos da Defesa Civil.<\/p>\n","protected":false},"excerpt":{"rendered":"<p>A Secretaria de Prote\u00e7\u00e3o e Defesa Civil e em parceria com a SOS Serra, est\u00e1<\/p>\n","protected":false},"author":2,"featured_media":76231,"comment_status":"open","ping_status":"open","sticky":false,"template":"","format":"standard","meta":{"footnotes":""},"categories":[12],"tags":[],"class_list":["post-76230","post","type-post","status-publish","format-standard","has-post-thumbnail","hentry","category-cidade"],"_links":{"self":[{"href":"https:\/\/tvc16.com\/portal\/wp-json\/wp\/v2\/posts\/76230","targetHints":{"allow":["GET"]}}],"collection":[{"href":"https:\/\/tvc16.com\/portal\/wp-json\/wp\/v2\/posts"}],"about":[{"href":"https:\/\/tvc16.com\/portal\/wp-json\/wp\/v2\/types\/post"}],"author":[{"embeddable":true,"href":"https:\/\/tvc16.com\/portal\/wp-json\/wp\/v2\/users\/2"}],"replies":[{"embeddable":true,"href":"https:\/\/tvc16.com\/portal\/wp-json\/wp\/v2\/comments?post=76230"}],"version-history":[{"count":1,"href":"https:\/\/tvc16.com\/portal\/wp-json\/wp\/v2\/posts\/76230\/revisions"}],"predecessor-version":[{"id":76232,"href":"https:\/\/tvc16.com\/portal\/wp-json\/wp\/v2\/posts\/76230\/revisions\/76232"}],"wp:featuredmedia":[{"embeddable":true,"href":"https:\/\/tvc16.com\/portal\/wp-json\/wp\/v2\/media\/76231"}],"wp:attachment":[{"href":"https:\/\/tvc16.com\/portal\/wp-json\/wp\/v2\/media?parent=76230"}],"wp:term":[{"taxonomy":"category","embeddable":true,"href":"https:\/\/tvc16.com\/portal\/wp-json\/wp\/v2\/categories?post=76230"},{"taxonomy":"post_tag","embeddable":true,"href":"https:\/\/tvc16.com\/portal\/wp-json\/wp\/v2\/tags?post=76230"}],"curies":[{"name":"wp","href":"https:\/\/api.w.org\/{rel}","templated":true}]}}