{"id":76233,"date":"2024-01-20T13:00:00","date_gmt":"2024-01-20T16:00:00","guid":{"rendered":"https:\/\/tvc16.com\/portal\/?p=76233"},"modified":"2024-01-19T22:41:02","modified_gmt":"2024-01-20T01:41:02","slug":"cartao-recomecar-secretaria-de-desenvolvimento-social-alerta-sobre-tentativas-de-fraudes","status":"publish","type":"post","link":"https:\/\/tvc16.com\/portal\/2024\/01\/20\/cartao-recomecar-secretaria-de-desenvolvimento-social-alerta-sobre-tentativas-de-fraudes\/","title":{"rendered":"Cart\u00e3o Recome\u00e7ar: Secretaria de Desenvolvimento Social alerta sobre tentativas de fraudes"},"content":{"rendered":"\n<p>A Secretaria de Desenvolvimento Social e Direitos Humanos est\u00e1 alertando sobre fraudes e golpes contra poss\u00edveis beneficiados pelo Cart\u00e3o Recome\u00e7ar. O benef\u00edcio ajudar\u00e1 fam\u00edlias que tiveram seus im\u00f3veis atingidos pelas chuvas do \u00faltimo fim de semana na Regi\u00e3o Metropolitana. O Recome\u00e7ar tem saldo de R$ 3 mil para a compra de eletrodom\u00e9sticos, moveis ou at\u00e9 mesmo material de constru\u00e7\u00e3o. As prefeituras s\u00e3o respons\u00e1veis pelo cadastro, que j\u00e1 come\u00e7ou a ser feito.<\/p>\n\n\n\n<p>Entre as tentativas de fraudes est\u00e3o o envio de um cart\u00e3o falso para a resid\u00eancia das pessoas e at\u00e9 relatos de golpistas que vai at\u00e9 as comunidades afetadas pedindo dinheiro para liberar o cart\u00e3o.<\/p>\n\n\n\n<p>&#8211; Estamos com toda nossa equipe nas ruas dando suporte aos munic\u00edpios para acelerar a entrega do Recome\u00e7ar. Mas, \u00e9 fundamental que o morador s\u00f3 confie em sua prefeitura e na comunica\u00e7\u00e3o oficial do Governo do Estado. N\u00e3o h\u00e1 outro meio de se cadastrar que n\u00e3o seja pela assist\u00eancia social de sua cidade. O Estado n\u00e3o vai na comunidade credenciar, n\u00e3o h\u00e1 credenciamento pela internet, ele ou telefone &#8211; explicou a secret\u00e1ria de Desenvolvimento Social e Direitos Humanos, Rosangela Gomes.<\/p>\n\n\n\n<p><strong>Mais de 30 mil inscritos<\/strong><\/p>\n\n\n\n<p>At\u00e9 o momento, as prefeituras comunicaram ao Estado que mais de 30 mil pessoas se inscreveram para receber o benef\u00edcio. Os \u00f3rg\u00e3os municipais far\u00e3o um filtro para verificar a elegibilidade dos inscritos. N\u00e3o existe limite de cart\u00e3o pr\u00e9-estabelecido por munic\u00edpio. Isso depender\u00e1 da demanda e da necessidade de cada regi\u00e3o afetada.<\/p>\n\n\n\n<p>Ap\u00f3s esse processo, a lista final \u00e9 enviada \u00e0 Secretaria de Desenvolvimento Social, que checa as informa\u00e7\u00f5es e encaminha ao banco para a libera\u00e7\u00e3o dos recursos. Cada n\u00facleo familiar s\u00f3 tem direito a um benef\u00edcio, e o cart\u00e3o \u00e9 nominal. Depois que o benefici\u00e1rio recebe o cart\u00e3o, s\u00e3o necess\u00e1rios cerca de 10 dias para que o saldo esteja liberado. Esse prazo \u00e9 mais uma estrat\u00e9gia adotada para evitar fraudes, aumentando a seguran\u00e7a para quem recebe o cart\u00e3o.<\/p>\n\n\n\n<p>O Cart\u00e3o Recome\u00e7ar foi criado em 2022, e beneficiou s\u00f3 neste ano 23.502 fam\u00edlias em 23 munic\u00edpios. O investimento \u00e9 de R$ 70,5 milh\u00f5es. Em 2023, foram 5.637 fam\u00edlias atendidas, em 14 cidade, e um montante de R$ 16,9 milh\u00f5es.<\/p>\n\n\n\n<p><strong>Entenda o benef\u00edcio<\/strong><\/p>\n\n\n\n<ul class=\"wp-block-list\">\n<li>O Recome\u00e7ar pode ser concedido independentemente do cidad\u00e3o receber outro benef\u00edcio.<\/li>\n\n\n\n<li>\u00c9 um cart\u00e3o de d\u00e9bito, no valor de R$ 3 mil, em uma \u00fanica parcela. O valor n\u00e3o pode ser sacado pelo benefici\u00e1rio.<\/li>\n\n\n\n<li>O atendimento aos moradores \u00e9 feito pelas prefeituras nos CRAS, CREAS ou nos pontos montados pelo munic\u00edpio.<\/li>\n\n\n\n<li>Com o Recome\u00e7ar, \u00e9 poss\u00edvel comprar material de constru\u00e7\u00e3o, eletrodom\u00e9sticos ou \u2060m\u00f3veis. O cart\u00e3o s\u00f3 pode ser usado em lojas f\u00edsicas. Ou seja, compras pela internet n\u00e3o s\u00e3o permitidas.<\/li>\n\n\n\n<li>A responsabilidade pela entrega dos cart\u00f5es \u00e9 do munic\u00edpio. O Estado entrega o cart\u00e3o, e o munic\u00edpio agenda a entrega.<\/li>\n\n\n\n<li>S\u00e3o cart\u00f5es nominais e o valor \u00e9 creditado at\u00e9 10 dias ap\u00f3s a entrega do cart\u00e3o.<\/li>\n\n\n\n<li>S\u00f3 o pr\u00f3prio benefici\u00e1rio pode pegar o cart\u00e3o e precisa estar com um documento com foto.<\/li>\n<\/ul>\n\n\n\n<p><strong>Crit\u00e9rios de elegibilidade<\/strong><\/p>\n\n\n\n<p><strong>Para que o Estado forne\u00e7a o benef\u00edcio:<\/strong><\/p>\n\n\n\n<ul class=\"wp-block-list\">\n<li>O munic\u00edpio precisa decretar calamidade p\u00fablica ou emerg\u00eancia n\u00edvel II ou III e ter o reconhecimento (homologa\u00e7\u00e3o) pelo Governo do Estado.<\/li>\n\n\n\n<li>A fam\u00edlia precisa estar inscrita no Cadastro \u00danico (n\u00famero do NIS).<\/li>\n\n\n\n<li>\u00c9 preciso ter renda familiar per capita de at\u00e9 meio sal\u00e1rio m\u00ednimo ou renda familiar total de at\u00e9 tr\u00eas sal\u00e1rios m\u00ednimos \u00e0 \u00e9poca do ocorrido.<\/li>\n\n\n\n<li>\u00c9 necess\u00e1rio tamb\u00e9m a comprova\u00e7\u00e3o de que o im\u00f3vel foi atingido e\/ou os m\u00f3veis danificados.<\/li>\n<\/ul>\n\n\n\n<p>Documentos e dados Necess\u00e1rios: Nome; RG e CPF; data de nascimento; nome da m\u00e3e; endere\u00e7o completo do im\u00f3vel afetado; NIS; e telefone para contato.<\/p>\n\n\n\n<p><em>N\u00facleo de Comunica\u00e7\u00e3o do Governo do Rio de Janeiro<\/em><\/p>\n","protected":false},"excerpt":{"rendered":"<p>A Secretaria de Desenvolvimento Social e Direitos Humanos est\u00e1 alertando sobre fraudes e golpes contra<\/p>\n","protected":false},"author":2,"featured_media":40906,"comment_status":"open","ping_status":"open","sticky":false,"template":"","format":"standard","meta":{"footnotes":""},"categories":[17],"tags":[],"class_list":["post-76233","post","type-post","status-publish","format-standard","has-post-thumbnail","hentry","category-outras-noticias"],"_links":{"self":[{"href":"https:\/\/tvc16.com\/portal\/wp-json\/wp\/v2\/posts\/76233","targetHints":{"allow":["GET"]}}],"collection":[{"href":"https:\/\/tvc16.com\/portal\/wp-json\/wp\/v2\/posts"}],"about":[{"href":"https:\/\/tvc16.com\/portal\/wp-json\/wp\/v2\/types\/post"}],"author":[{"embeddable":true,"href":"https:\/\/tvc16.com\/portal\/wp-json\/wp\/v2\/users\/2"}],"replies":[{"embeddable":true,"href":"https:\/\/tvc16.com\/portal\/wp-json\/wp\/v2\/comments?post=76233"}],"version-history":[{"count":1,"href":"https:\/\/tvc16.com\/portal\/wp-json\/wp\/v2\/posts\/76233\/revisions"}],"predecessor-version":[{"id":76234,"href":"https:\/\/tvc16.com\/portal\/wp-json\/wp\/v2\/posts\/76233\/revisions\/76234"}],"wp:featuredmedia":[{"embeddable":true,"href":"https:\/\/tvc16.com\/portal\/wp-json\/wp\/v2\/media\/40906"}],"wp:attachment":[{"href":"https:\/\/tvc16.com\/portal\/wp-json\/wp\/v2\/media?parent=76233"}],"wp:term":[{"taxonomy":"category","embeddable":true,"href":"https:\/\/tvc16.com\/portal\/wp-json\/wp\/v2\/categories?post=76233"},{"taxonomy":"post_tag","embeddable":true,"href":"https:\/\/tvc16.com\/portal\/wp-json\/wp\/v2\/tags?post=76233"}],"curies":[{"name":"wp","href":"https:\/\/api.w.org\/{rel}","templated":true}]}}