{"id":76235,"date":"2024-01-21T13:00:00","date_gmt":"2024-01-21T16:00:00","guid":{"rendered":"https:\/\/tvc16.com\/portal\/?p=76235"},"modified":"2024-01-19T22:56:01","modified_gmt":"2024-01-20T01:56:01","slug":"as-vitimas-esquecidas-do-regime-nazista","status":"publish","type":"post","link":"https:\/\/tvc16.com\/portal\/2024\/01\/21\/as-vitimas-esquecidas-do-regime-nazista\/","title":{"rendered":"As \u201cv\u00edtimas esquecidas\u201d do regime nazista"},"content":{"rendered":"\n<p>No dia 27 de janeiro, muitas pessoas ao redor do mundo ir\u00e3o celebrar o Dia Internacional da Mem\u00f3ria do Holocausto. Essa data foi escolhida porque marca o anivers\u00e1rio da liberta\u00e7\u00e3o de Auschwitz \u2014 o maior campo de concentra\u00e7\u00e3o e exterm\u00ednio nazista, ocorrido h\u00e1 79 anos.<\/p>\n\n\n\n<p>A institui\u00e7\u00e3o desse dia visa educar e conscientizar o p\u00fablico sobre o Holocausto e homenagear oficialmente todas as v\u00edtimas do regime nazista. Entre essas est\u00e3o 6 milh\u00f5es de judeus e milh\u00f5es de polacos, eslavos, ciganos, homossexuais e pessoas com defici\u00eancia. Al\u00e9m desses, outro grupo perseguido foi as Testemunhas de Jeov\u00e1.<\/p>\n\n\n\n<p>O professor Detlef Garbe, ex-diretor do Memorial do Campo de Concentra\u00e7\u00e3o de Neuengamme, disse: \u201cAs Testemunhas de Jeov\u00e1, que foram submetidas \u00e0 persegui\u00e7\u00e3o implac\u00e1vel no Terceiro Reich, est\u00e3o entre as chamadas \u2018v\u00edtimas esquecidas\u2019 do regime nazista. Durante d\u00e9cadas, elas foram ignoradas [&#8230;] apesar de um n\u00famero consider\u00e1vel de Testemunhas de Jeov\u00e1 terem sofrido persegui\u00e7\u00e3o e morte.\u201d<\/p>\n\n\n\n<p>As Testemunhas de Jeov\u00e1 foram perseguidas e oprimidas porque se recusaram a pegar em armas ou concordar com a ideologia de \u00f3dio dos nazistas.<\/p>\n\n\n\n<p>\u201cAs Testemunhas de Jeov\u00e1 foram o \u00fanico grupo crist\u00e3o sob o dom\u00ednio do Terceiro Reich a ser identificado com um s\u00edmbolo de prisioneiro separado: o tri\u00e2ngulo roxo. Elas foram perseguidas apenas por causa de suas convic\u00e7\u00f5es religiosas\u201d, diz Carlos Kronemberger, porta-voz das Testemunhas de Jeov\u00e1. \u201cOs nazistas ofereceram liberdade se elas renunciassem \u00e0 sua f\u00e9 crist\u00e3 e apoiassem o regime. No entanto, elas foram corajosas e se apegaram aos valores crist\u00e3os \u2014 lealdade a Deus e amor ao pr\u00f3ximo.\u201d<\/p>\n\n\n\n<p>Alguns dados sobre a persegui\u00e7\u00e3o \u00e0s Testemunhas de Jeov\u00e1 pelo regime nazista:<\/p>\n\n\n\n<ul class=\"wp-block-list\">\n<li>Das cerca de 35 mil Testemunhas de Jeov\u00e1 na parte da Europa ocupada pelos nazistas, em torno de 13.400 foram perseguidas pelo regime;<\/li>\n\n\n\n<li>Cerca de 11.300 foram presas;<\/li>\n\n\n\n<li>Umas 4.200 foram enviadas para campos de concentra\u00e7\u00e3o;<\/li>\n\n\n\n<li>Mais de 1.250 eram menores de idade;<\/li>\n\n\n\n<li>Cerca de 600 crian\u00e7as foram tiradas dos pais \u00e0 for\u00e7a pelo governo nazista;<\/li>\n\n\n\n<li>Pelo menos 72 Testemunhas de Jeov\u00e1 foram mortas por eutan\u00e1sia;<\/li>\n\n\n\n<li>Ao menos 548 (algumas menores de idade) morreram por execu\u00e7\u00e3o ou homic\u00eddio;<\/li>\n\n\n\n<li>No total, cerca de 1.600 Testemunhas de Jeov\u00e1 morreram por causa da persegui\u00e7\u00e3o;<\/li>\n\n\n\n<li>Estima-se que 6 mil Testemunhas de Jeov\u00e1 foram detidas em pris\u00f5es ou campos de concentra\u00e7\u00e3o durante a \u00e9poca do Holocausto.<\/li>\n<\/ul>\n\n\n\n<p>Para saber mais sobre as Testemunhas de Jeov\u00e1, visite o site <a href=\"https:\/\/www.jw.org\/pt\/\">jw.org<\/a>. Todo o conte\u00fado \u00e9 gratuito e n\u00e3o \u00e9 necess\u00e1rio se cadastrar.<\/p>\n","protected":false},"excerpt":{"rendered":"<p>No dia 27 de janeiro, muitas pessoas ao redor do mundo ir\u00e3o celebrar o Dia<\/p>\n","protected":false},"author":2,"featured_media":76236,"comment_status":"open","ping_status":"open","sticky":false,"template":"","format":"standard","meta":{"footnotes":""},"categories":[12],"tags":[],"class_list":["post-76235","post","type-post","status-publish","format-standard","has-post-thumbnail","hentry","category-cidade"],"_links":{"self":[{"href":"https:\/\/tvc16.com\/portal\/wp-json\/wp\/v2\/posts\/76235","targetHints":{"allow":["GET"]}}],"collection":[{"href":"https:\/\/tvc16.com\/portal\/wp-json\/wp\/v2\/posts"}],"about":[{"href":"https:\/\/tvc16.com\/portal\/wp-json\/wp\/v2\/types\/post"}],"author":[{"embeddable":true,"href":"https:\/\/tvc16.com\/portal\/wp-json\/wp\/v2\/users\/2"}],"replies":[{"embeddable":true,"href":"https:\/\/tvc16.com\/portal\/wp-json\/wp\/v2\/comments?post=76235"}],"version-history":[{"count":1,"href":"https:\/\/tvc16.com\/portal\/wp-json\/wp\/v2\/posts\/76235\/revisions"}],"predecessor-version":[{"id":76237,"href":"https:\/\/tvc16.com\/portal\/wp-json\/wp\/v2\/posts\/76235\/revisions\/76237"}],"wp:featuredmedia":[{"embeddable":true,"href":"https:\/\/tvc16.com\/portal\/wp-json\/wp\/v2\/media\/76236"}],"wp:attachment":[{"href":"https:\/\/tvc16.com\/portal\/wp-json\/wp\/v2\/media?parent=76235"}],"wp:term":[{"taxonomy":"category","embeddable":true,"href":"https:\/\/tvc16.com\/portal\/wp-json\/wp\/v2\/categories?post=76235"},{"taxonomy":"post_tag","embeddable":true,"href":"https:\/\/tvc16.com\/portal\/wp-json\/wp\/v2\/tags?post=76235"}],"curies":[{"name":"wp","href":"https:\/\/api.w.org\/{rel}","templated":true}]}}