{"id":76238,"date":"2024-01-20T14:00:00","date_gmt":"2024-01-20T17:00:00","guid":{"rendered":"https:\/\/tvc16.com\/portal\/?p=76238"},"modified":"2024-01-19T23:56:59","modified_gmt":"2024-01-20T02:56:59","slug":"752-mil-cariocas-terao-atendimento-pelo-sus-com-a-chegada-de-novos-profissionais-do-mais-medicos","status":"publish","type":"post","link":"https:\/\/tvc16.com\/portal\/2024\/01\/20\/752-mil-cariocas-terao-atendimento-pelo-sus-com-a-chegada-de-novos-profissionais-do-mais-medicos\/","title":{"rendered":"752 mil cariocas ter\u00e3o atendimento pelo SUS com a chegada de novos profissionais do Mais M\u00e9dicos"},"content":{"rendered":"\n<p>O Mais M\u00e9dicos\u00a0continua expandindo a assist\u00eancia na aten\u00e7\u00e3o b\u00e1sica em todo o Brasil. S\u00f3 na cidade do Rio de Janeiro, 218 profissionais foram recebidos nesta sexta-feira (19), em solenidade com a presen\u00e7a da ministra da Sa\u00fade, N\u00edsia Trindade, do prefeito Eduardo Paes e do secret\u00e1rio Municipal de Sa\u00fade Daniel Soranz. Os novos profissionais devem garantir o acesso ao atendimento de cerca de 752 mil cariocas e se somam a outros 360 m\u00e9dicos que atuam pelo programa no munic\u00edpio. Outros 108 devem ser alocados no munic\u00edpio a partir de mar\u00e7o, com impacto no atendimento de mais 345 mil pessoas.<\/p>\n\n\n\n<p>No total, o Mais M\u00e9dicos chega a 2024 com 468 profissionais no Rio, um n\u00famero quatro vezes mais alto que o encontrado antes do relan\u00e7amento do programa \u2013 em janeiro de 2023 eram apenas 77 em atua\u00e7\u00e3o. A amplia\u00e7\u00e3o de vagas permite atendimento em toda a cidade, em especial, nas regi\u00f5es de maior vulnerabilidade \u2013 com 1,6 milh\u00e3o de pessoas beneficiadas ao todo.<\/p>\n\n\n\n<p>Em um ano, o n\u00famero de profissionais mais que dobrou no estado do Rio, passando de 492 em janeiro de 2023 para 1.282 neste m\u00eas. \u00c9 atendimento garantido para 4,4 milh\u00f5es de pessoas nas cidades fluminenses. Com os incentivos para a fixa\u00e7\u00e3o de profissionais, a a\u00e7\u00e3o garante que a popula\u00e7\u00e3o tenha acesso cont\u00ednuo ao atendimento qualificado, especialmente quando se soma a outras estrat\u00e9gias, como a amplia\u00e7\u00e3o das equipes de Sa\u00fade da Fam\u00edlia.<\/p>\n\n\n\n<p><strong>Recorde de profissionais em atua\u00e7\u00e3o no ano de 2023<\/strong><\/p>\n\n\n\n<p>O Brasil registrou um aumento de 105% no quantitativo de profissionais atuantes no Mais M\u00e9dicos no ano de 2023.\u00a0Com 28,2 mil vagas preenchidas em 82% do territ\u00f3rio nacional, 86 milh\u00f5es de brasileiras e brasileiros foram beneficiados com o programa. Al\u00e9m disso, em apenas um ano, o Mais M\u00e9dicos alcan\u00e7ou 744 novos munic\u00edpios de todas as cinco regi\u00f5es brasileiras.<\/p>\n\n\n\n<p>Os m\u00e9dicos tamb\u00e9m chegaram em 100% dos 34 distritos sanit\u00e1rios ind\u00edgenas &#8211; um avan\u00e7o importante diante da desassist\u00eancia enfrentada por essa popula\u00e7\u00e3o nos \u00faltimos anos. S\u00f3 no territ\u00f3rio Yanomami, o n\u00famero de profissionais subiu de 9 no in\u00edcio do ano passado para 28 atualmente. Ao todo, s\u00e3o 977 novos profissionais atuando na sa\u00fade ind\u00edgena e em mais duas \u00e1reas: o Consult\u00f3rio na Rua e a sa\u00fade prisional.<\/p>\n\n\n\n<p><em>Minist\u00e9rio da Sa\u00fade<\/em><\/p>\n","protected":false},"excerpt":{"rendered":"<p>O Mais M\u00e9dicos\u00a0continua expandindo a assist\u00eancia na aten\u00e7\u00e3o b\u00e1sica em todo o Brasil. S\u00f3 na<\/p>\n","protected":false},"author":2,"featured_media":76239,"comment_status":"open","ping_status":"open","sticky":false,"template":"","format":"standard","meta":{"footnotes":""},"categories":[17],"tags":[],"class_list":["post-76238","post","type-post","status-publish","format-standard","has-post-thumbnail","hentry","category-outras-noticias"],"_links":{"self":[{"href":"https:\/\/tvc16.com\/portal\/wp-json\/wp\/v2\/posts\/76238","targetHints":{"allow":["GET"]}}],"collection":[{"href":"https:\/\/tvc16.com\/portal\/wp-json\/wp\/v2\/posts"}],"about":[{"href":"https:\/\/tvc16.com\/portal\/wp-json\/wp\/v2\/types\/post"}],"author":[{"embeddable":true,"href":"https:\/\/tvc16.com\/portal\/wp-json\/wp\/v2\/users\/2"}],"replies":[{"embeddable":true,"href":"https:\/\/tvc16.com\/portal\/wp-json\/wp\/v2\/comments?post=76238"}],"version-history":[{"count":1,"href":"https:\/\/tvc16.com\/portal\/wp-json\/wp\/v2\/posts\/76238\/revisions"}],"predecessor-version":[{"id":76240,"href":"https:\/\/tvc16.com\/portal\/wp-json\/wp\/v2\/posts\/76238\/revisions\/76240"}],"wp:featuredmedia":[{"embeddable":true,"href":"https:\/\/tvc16.com\/portal\/wp-json\/wp\/v2\/media\/76239"}],"wp:attachment":[{"href":"https:\/\/tvc16.com\/portal\/wp-json\/wp\/v2\/media?parent=76238"}],"wp:term":[{"taxonomy":"category","embeddable":true,"href":"https:\/\/tvc16.com\/portal\/wp-json\/wp\/v2\/categories?post=76238"},{"taxonomy":"post_tag","embeddable":true,"href":"https:\/\/tvc16.com\/portal\/wp-json\/wp\/v2\/tags?post=76238"}],"curies":[{"name":"wp","href":"https:\/\/api.w.org\/{rel}","templated":true}]}}